{"id":32568,"date":"2022-10-12T11:45:26","date_gmt":"2022-10-12T16:45:26","guid":{"rendered":"https:\/\/encuentroinformativo.com.mx\/?p=32568"},"modified":"2022-10-12T11:45:29","modified_gmt":"2022-10-12T16:45:29","slug":"regresara-el-fortaseg-para-mejorar-seguridad-en-veracruz-y-boca-del-rio-segun-diputado","status":"publish","type":"post","link":"https:\/\/encuentroinformativo.com.mx\/?p=32568","title":{"rendered":"Regresar\u00e1 el FORTASEG para mejorar seguridad en Veracruz y Boca del R\u00edo, seg\u00fan diputado"},"content":{"rendered":"\n<p><strong>Alejandro \u00c1vila<\/strong><\/p>\n\n\n\n<p>Boca del R\u00edo, Ver.- M\u00e1s de 3 mil millones de pesos ser\u00e1n repartidos a los municipios de M\u00e9xico, con la intenci\u00f3n de mejorar la seguridad, se espera que tanto Veracruz como Boca del R\u00edo sean 2 de los Ayuntamientos m\u00e1s beneficiados.<\/p>\n\n\n\n<p>El diputado federal, Carlos Alberto Valenzuela Gonz\u00e1lez destac\u00f3 que, Este martes 11 de octubre se vot\u00f3 por unanimidad para recuperar el programa Fortalecimiento para la Seguridad (FORTASEG).<\/p>\n\n\n\n<p>&#8220;En la C\u00e1mara de Diputados, votamos por unanimidad todos los partidos pol\u00edticos para dotar a las polic\u00edas municipales de un Fondo de m\u00e1s de 3 mil millones de pesos, que ser\u00e1 distribuido de acuerdo a los criterios del sistema de seguridad p\u00fablica; estaremos vigilantes que esta distribuci\u00f3n del recurso sea transparente y apegada a la Ley&#8221;, dijo el Vicecoordinador del PAN en San L\u00e1zaro.<\/p>\n\n\n\n<p>El FORTASEG permitir\u00e1 a los gobiernos municipales cubrir los costos de la evaluaci\u00f3n de control de confianza de los elementos operativos de las instituciones policiales municipales, al momento de brindar seguridad a la poblaci\u00f3n.<\/p>\n","protected":false},"excerpt":{"rendered":"<p>Alejandro \u00c1vila Boca del R\u00edo, Ver.- M\u00e1s de 3 mil millones de pesos ser\u00e1n repartidos a los municipios de M\u00e9xico, con la intenci\u00f3n de mejorar la seguridad, se espera que tanto Veracruz como Boca del R\u00edo sean 2 de los Ayuntamientos m\u00e1s beneficiados. El diputado federal, Carlos Alberto Valenzuela Gonz\u00e1lez destac\u00f3 que, Este martes 11 [&hellip;]<\/p>\n","protected":false},"author":1,"featured_media":32569,"comment_status":"open","ping_status":"open","sticky":false,"template":"","format":"standard","meta":{"_jetpack_memberships_contains_paid_content":false,"footnotes":""},"categories":[2],"tags":[],"class_list":["post-32568","post","type-post","status-publish","format-standard","has-post-thumbnail","hentry","category-estado"],"jetpack_featured_media_url":"https:\/\/encuentroinformativo.com.mx\/wp-content\/uploads\/2022\/10\/EB6D0B06-69EF-4A7E-8C97-940074822E96.jpeg","jetpack_sharing_enabled":true,"jetpack_likes_enabled":true,"amp_enabled":true,"_links":{"self":[{"href":"https:\/\/encuentroinformativo.com.mx\/index.php?rest_route=\/wp\/v2\/posts\/32568","targetHints":{"allow":["GET"]}}],"collection":[{"href":"https:\/\/encuentroinformativo.com.mx\/index.php?rest_route=\/wp\/v2\/posts"}],"about":[{"href":"https:\/\/encuentroinformativo.com.mx\/index.php?rest_route=\/wp\/v2\/types\/post"}],"author":[{"embeddable":true,"href":"https:\/\/encuentroinformativo.com.mx\/index.php?rest_route=\/wp\/v2\/users\/1"}],"replies":[{"embeddable":true,"href":"https:\/\/encuentroinformativo.com.mx\/index.php?rest_route=%2Fwp%2Fv2%2Fcomments&post=32568"}],"version-history":[{"count":1,"href":"https:\/\/encuentroinformativo.com.mx\/index.php?rest_route=\/wp\/v2\/posts\/32568\/revisions"}],"predecessor-version":[{"id":32570,"href":"https:\/\/encuentroinformativo.com.mx\/index.php?rest_route=\/wp\/v2\/posts\/32568\/revisions\/32570"}],"wp:featuredmedia":[{"embeddable":true,"href":"https:\/\/encuentroinformativo.com.mx\/index.php?rest_route=\/wp\/v2\/media\/32569"}],"wp:attachment":[{"href":"https:\/\/encuentroinformativo.com.mx\/index.php?rest_route=%2Fwp%2Fv2%2Fmedia&parent=32568"}],"wp:term":[{"taxonomy":"category","embeddable":true,"href":"https:\/\/encuentroinformativo.com.mx\/index.php?rest_route=%2Fwp%2Fv2%2Fcategories&post=32568"},{"taxonomy":"post_tag","embeddable":true,"href":"https:\/\/encuentroinformativo.com.mx\/index.php?rest_route=%2Fwp%2Fv2%2Ftags&post=32568"}],"curies":[{"name":"wp","href":"https:\/\/api.w.org\/{rel}","templated":true}]}}