{"id":32584,"date":"2022-10-12T12:39:08","date_gmt":"2022-10-12T17:39:08","guid":{"rendered":"https:\/\/encuentroinformativo.com.mx\/?p=32584"},"modified":"2022-10-12T12:39:12","modified_gmt":"2022-10-12T17:39:12","slug":"marchan-alumnos-de-artes-reclaman-cese-al-acoso-sexual","status":"publish","type":"post","link":"https:\/\/encuentroinformativo.com.mx\/?p=32584","title":{"rendered":"Marchan alumnos de Artes, reclaman  cese al acoso sexual"},"content":{"rendered":"\n<p><strong>Juan Arcos <\/strong><\/p>\n\n\n\n<p>Xalapa, Ver.- Estudiantes de la Facultad de Artes de la Universidad Veracruzana (UV) marcharon hacia la Unidad Acad\u00e9mica de Humanidades, en esta ciudad de Xalapa, para exigir que cese el acoso sexual contra sus compa\u00f1eras.<\/p>\n\n\n\n<p>Los j\u00f3venes se concentraron afuera de Artes, sobre la calle Morelos, en el centro de la capital del estado, para posteriormente caminar hacia el edificio de Humanidades, ubicado en la colonia Francisco Ferrer Guardia.<\/p>\n\n\n\n<p>Ellos se sumaron al paro estudiantil luego de que un alumno de Humanidades destruyera con su navaja el \u201ctendedero del acoso\u201d con su fotograf\u00eda y no fuera sancionado.<\/p>\n\n\n\n<p>Los quejosos gritaron y corearon consignas como: \u201chay que parar, hay que parar, acosadores hay que destapar\u201d y \u201cla UV defiende a agresores\u201d.<\/p>\n\n\n\n<p>Mientras recorr\u00edan la avenida Manuel \u00c1vila Camacho, exclamaron varias veces la frase: \u201cUV, me dueles, a m\u00ed no me proteges\u201d.<\/p>\n\n\n\n<p>Tambi\u00e9n sostuvieron cartulinas con el mensaje: \u201ceduquemos a no violar, no a c\u00f3mo protegerse de una violaci\u00f3n\u201d.<\/p>\n\n\n\n<p>Los alumnos de la Facultad de Artes se concentrar\u00edan en Humanidades donde nuevamente levantar\u00edan la voz para exigir al rector de la UV, Mart\u00edn Aguilar S\u00e1nchez, que la instituci\u00f3n deje de proteger a los acosadores.<\/p>\n\n\n\n<p>\u201cDe qu\u00e9 nos sirve una universidad prestigiosa si no apoya a los estudiantes\u201d, cuestionaron quienes participaron en la marcha.<\/p>\n\n\n\n<figure class=\"wp-block-image size-large\"><img loading=\"lazy\" decoding=\"async\" width=\"1024\" height=\"576\" src=\"https:\/\/encuentroinformativo.com.mx\/wp-content\/uploads\/2022\/10\/847527C1-0456-4EBC-9AB0-6E1E33311553-1024x576.jpeg\" alt=\"\" class=\"wp-image-32586\" srcset=\"https:\/\/encuentroinformativo.com.mx\/wp-content\/uploads\/2022\/10\/847527C1-0456-4EBC-9AB0-6E1E33311553-1024x576.jpeg 1024w, https:\/\/encuentroinformativo.com.mx\/wp-content\/uploads\/2022\/10\/847527C1-0456-4EBC-9AB0-6E1E33311553-300x169.jpeg 300w, https:\/\/encuentroinformativo.com.mx\/wp-content\/uploads\/2022\/10\/847527C1-0456-4EBC-9AB0-6E1E33311553-768x432.jpeg 768w, https:\/\/encuentroinformativo.com.mx\/wp-content\/uploads\/2022\/10\/847527C1-0456-4EBC-9AB0-6E1E33311553-1536x864.jpeg 1536w, https:\/\/encuentroinformativo.com.mx\/wp-content\/uploads\/2022\/10\/847527C1-0456-4EBC-9AB0-6E1E33311553.jpeg 1760w\" sizes=\"auto, (max-width: 1024px) 100vw, 1024px\" \/><\/figure>\n","protected":false},"excerpt":{"rendered":"<p>Juan Arcos Xalapa, Ver.- Estudiantes de la Facultad de Artes de la Universidad Veracruzana (UV) marcharon hacia la Unidad Acad\u00e9mica de Humanidades, en esta ciudad de Xalapa, para exigir que cese el acoso sexual contra sus compa\u00f1eras. Los j\u00f3venes se concentraron afuera de Artes, sobre la calle Morelos, en el centro de la capital del [&hellip;]<\/p>\n","protected":false},"author":1,"featured_media":32585,"comment_status":"open","ping_status":"open","sticky":false,"template":"","format":"standard","meta":{"_jetpack_memberships_contains_paid_content":false,"footnotes":""},"categories":[3],"tags":[],"class_list":["post-32584","post","type-post","status-publish","format-standard","has-post-thumbnail","hentry","category-xalapa"],"jetpack_featured_media_url":"https:\/\/encuentroinformativo.com.mx\/wp-content\/uploads\/2022\/10\/A2A5AD0A-796A-4743-A81D-2E9CCE5EEF42.jpeg","jetpack_sharing_enabled":true,"jetpack_likes_enabled":true,"amp_enabled":true,"_links":{"self":[{"href":"https:\/\/encuentroinformativo.com.mx\/index.php?rest_route=\/wp\/v2\/posts\/32584","targetHints":{"allow":["GET"]}}],"collection":[{"href":"https:\/\/encuentroinformativo.com.mx\/index.php?rest_route=\/wp\/v2\/posts"}],"about":[{"href":"https:\/\/encuentroinformativo.com.mx\/index.php?rest_route=\/wp\/v2\/types\/post"}],"author":[{"embeddable":true,"href":"https:\/\/encuentroinformativo.com.mx\/index.php?rest_route=\/wp\/v2\/users\/1"}],"replies":[{"embeddable":true,"href":"https:\/\/encuentroinformativo.com.mx\/index.php?rest_route=%2Fwp%2Fv2%2Fcomments&post=32584"}],"version-history":[{"count":1,"href":"https:\/\/encuentroinformativo.com.mx\/index.php?rest_route=\/wp\/v2\/posts\/32584\/revisions"}],"predecessor-version":[{"id":32587,"href":"https:\/\/encuentroinformativo.com.mx\/index.php?rest_route=\/wp\/v2\/posts\/32584\/revisions\/32587"}],"wp:featuredmedia":[{"embeddable":true,"href":"https:\/\/encuentroinformativo.com.mx\/index.php?rest_route=\/wp\/v2\/media\/32585"}],"wp:attachment":[{"href":"https:\/\/encuentroinformativo.com.mx\/index.php?rest_route=%2Fwp%2Fv2%2Fmedia&parent=32584"}],"wp:term":[{"taxonomy":"category","embeddable":true,"href":"https:\/\/encuentroinformativo.com.mx\/index.php?rest_route=%2Fwp%2Fv2%2Fcategories&post=32584"},{"taxonomy":"post_tag","embeddable":true,"href":"https:\/\/encuentroinformativo.com.mx\/index.php?rest_route=%2Fwp%2Fv2%2Ftags&post=32584"}],"curies":[{"name":"wp","href":"https:\/\/api.w.org\/{rel}","templated":true}]}}