{"id":32588,"date":"2022-10-12T12:46:21","date_gmt":"2022-10-12T17:46:21","guid":{"rendered":"https:\/\/encuentroinformativo.com.mx\/?p=32588"},"modified":"2022-10-12T12:46:26","modified_gmt":"2022-10-12T17:46:26","slug":"presentan-actividades-por-dia-de-muertos-en-xalapa","status":"publish","type":"post","link":"https:\/\/encuentroinformativo.com.mx\/?p=32588","title":{"rendered":"Presentan actividades por D\u00eda de Muertos en Xalapa"},"content":{"rendered":"\n<p>Xalapa, Ver.- Karla Rocher, titular de la direcci\u00f3n de Cultura del Ayuntamiento de Xalapa dio a conocer las actividades que se realizar\u00e1n como parte de los festivales por D\u00eda de Muertos. <\/p>\n\n\n\n<p>En conferencia de prensa, acompa\u00f1ada de quienes participar\u00e1n en las diversas actividades alusivas a la festividad presentaron la cartelera \u201cEventos y Festivales de D\u00eda de Muertos en Xalapa\u201d donde habr\u00e1 recorridos nocturnos, desfiles, altares y expos, a partir del 21 de octubre al 2 de noviembre.<\/p>\n\n\n\n<figure class=\"wp-block-image size-large\"><img loading=\"lazy\" decoding=\"async\" width=\"1024\" height=\"683\" src=\"https:\/\/encuentroinformativo.com.mx\/wp-content\/uploads\/2022\/10\/DD2AA7EF-013F-4981-9C4F-39A580A9F6C5-1024x683.jpeg\" alt=\"\" class=\"wp-image-32592\" srcset=\"https:\/\/encuentroinformativo.com.mx\/wp-content\/uploads\/2022\/10\/DD2AA7EF-013F-4981-9C4F-39A580A9F6C5-1024x683.jpeg 1024w, https:\/\/encuentroinformativo.com.mx\/wp-content\/uploads\/2022\/10\/DD2AA7EF-013F-4981-9C4F-39A580A9F6C5-300x200.jpeg 300w, https:\/\/encuentroinformativo.com.mx\/wp-content\/uploads\/2022\/10\/DD2AA7EF-013F-4981-9C4F-39A580A9F6C5-768x512.jpeg 768w, https:\/\/encuentroinformativo.com.mx\/wp-content\/uploads\/2022\/10\/DD2AA7EF-013F-4981-9C4F-39A580A9F6C5.jpeg 1488w\" sizes=\"auto, (max-width: 1024px) 100vw, 1024px\" \/><\/figure>\n\n\n\n<figure class=\"wp-block-image size-large\"><img loading=\"lazy\" decoding=\"async\" width=\"1024\" height=\"683\" src=\"https:\/\/encuentroinformativo.com.mx\/wp-content\/uploads\/2022\/10\/AED12683-D96B-4D89-85EA-BAC1634DD86D-1024x683.jpeg\" alt=\"\" class=\"wp-image-32591\" srcset=\"https:\/\/encuentroinformativo.com.mx\/wp-content\/uploads\/2022\/10\/AED12683-D96B-4D89-85EA-BAC1634DD86D-1024x683.jpeg 1024w, https:\/\/encuentroinformativo.com.mx\/wp-content\/uploads\/2022\/10\/AED12683-D96B-4D89-85EA-BAC1634DD86D-300x200.jpeg 300w, https:\/\/encuentroinformativo.com.mx\/wp-content\/uploads\/2022\/10\/AED12683-D96B-4D89-85EA-BAC1634DD86D-768x512.jpeg 768w, https:\/\/encuentroinformativo.com.mx\/wp-content\/uploads\/2022\/10\/AED12683-D96B-4D89-85EA-BAC1634DD86D.jpeg 1488w\" sizes=\"auto, (max-width: 1024px) 100vw, 1024px\" \/><\/figure>\n\n\n\n<figure class=\"wp-block-image size-large\"><img loading=\"lazy\" decoding=\"async\" width=\"1024\" height=\"683\" src=\"https:\/\/encuentroinformativo.com.mx\/wp-content\/uploads\/2022\/10\/20556CF7-0664-4346-AE45-2F4469EE1808-1024x683.jpeg\" alt=\"\" class=\"wp-image-32590\" srcset=\"https:\/\/encuentroinformativo.com.mx\/wp-content\/uploads\/2022\/10\/20556CF7-0664-4346-AE45-2F4469EE1808-1024x683.jpeg 1024w, https:\/\/encuentroinformativo.com.mx\/wp-content\/uploads\/2022\/10\/20556CF7-0664-4346-AE45-2F4469EE1808-300x200.jpeg 300w, https:\/\/encuentroinformativo.com.mx\/wp-content\/uploads\/2022\/10\/20556CF7-0664-4346-AE45-2F4469EE1808-768x512.jpeg 768w, https:\/\/encuentroinformativo.com.mx\/wp-content\/uploads\/2022\/10\/20556CF7-0664-4346-AE45-2F4469EE1808.jpeg 1488w\" sizes=\"auto, (max-width: 1024px) 100vw, 1024px\" \/><\/figure>\n\n\n\n<figure class=\"wp-block-gallery columns-0 is-cropped wp-block-gallery-1 is-layout-flex wp-block-gallery-is-layout-flex\"><ul class=\"blocks-gallery-grid\"><\/ul><\/figure>\n","protected":false},"excerpt":{"rendered":"<p>Xalapa, Ver.- Karla Rocher, titular de la direcci\u00f3n de Cultura del Ayuntamiento de Xalapa dio a conocer las actividades que se realizar\u00e1n como parte de los festivales por D\u00eda de Muertos. En conferencia de prensa, acompa\u00f1ada de quienes participar\u00e1n en las diversas actividades alusivas a la festividad presentaron la cartelera \u201cEventos y Festivales de D\u00eda [&hellip;]<\/p>\n","protected":false},"author":1,"featured_media":32589,"comment_status":"open","ping_status":"open","sticky":false,"template":"","format":"standard","meta":{"_jetpack_memberships_contains_paid_content":false,"footnotes":""},"categories":[3],"tags":[],"class_list":["post-32588","post","type-post","status-publish","format-standard","has-post-thumbnail","hentry","category-xalapa"],"jetpack_featured_media_url":"https:\/\/encuentroinformativo.com.mx\/wp-content\/uploads\/2022\/10\/120DB74E-44CF-472F-8F74-2024DF338D95.jpeg","jetpack_sharing_enabled":true,"jetpack_likes_enabled":true,"amp_enabled":true,"_links":{"self":[{"href":"https:\/\/encuentroinformativo.com.mx\/index.php?rest_route=\/wp\/v2\/posts\/32588","targetHints":{"allow":["GET"]}}],"collection":[{"href":"https:\/\/encuentroinformativo.com.mx\/index.php?rest_route=\/wp\/v2\/posts"}],"about":[{"href":"https:\/\/encuentroinformativo.com.mx\/index.php?rest_route=\/wp\/v2\/types\/post"}],"author":[{"embeddable":true,"href":"https:\/\/encuentroinformativo.com.mx\/index.php?rest_route=\/wp\/v2\/users\/1"}],"replies":[{"embeddable":true,"href":"https:\/\/encuentroinformativo.com.mx\/index.php?rest_route=%2Fwp%2Fv2%2Fcomments&post=32588"}],"version-history":[{"count":1,"href":"https:\/\/encuentroinformativo.com.mx\/index.php?rest_route=\/wp\/v2\/posts\/32588\/revisions"}],"predecessor-version":[{"id":32593,"href":"https:\/\/encuentroinformativo.com.mx\/index.php?rest_route=\/wp\/v2\/posts\/32588\/revisions\/32593"}],"wp:featuredmedia":[{"embeddable":true,"href":"https:\/\/encuentroinformativo.com.mx\/index.php?rest_route=\/wp\/v2\/media\/32589"}],"wp:attachment":[{"href":"https:\/\/encuentroinformativo.com.mx\/index.php?rest_route=%2Fwp%2Fv2%2Fmedia&parent=32588"}],"wp:term":[{"taxonomy":"category","embeddable":true,"href":"https:\/\/encuentroinformativo.com.mx\/index.php?rest_route=%2Fwp%2Fv2%2Fcategories&post=32588"},{"taxonomy":"post_tag","embeddable":true,"href":"https:\/\/encuentroinformativo.com.mx\/index.php?rest_route=%2Fwp%2Fv2%2Ftags&post=32588"}],"curies":[{"name":"wp","href":"https:\/\/api.w.org\/{rel}","templated":true}]}}