{"id":32598,"date":"2022-10-12T13:33:12","date_gmt":"2022-10-12T18:33:12","guid":{"rendered":"https:\/\/encuentroinformativo.com.mx\/?p=32598"},"modified":"2022-10-12T13:33:16","modified_gmt":"2022-10-12T18:33:16","slug":"no-se-suspenderan-clases-por-karl-gobernador","status":"publish","type":"post","link":"https:\/\/encuentroinformativo.com.mx\/?p=32598","title":{"rendered":"No se suspender\u00e1n clases por Karl: Gobernador"},"content":{"rendered":"\n<p><strong>Dar\u00edo Pale <\/strong><\/p>\n\n\n\n<p>Xalapa, Ver.- En el estado de Veracruz no habr\u00e1 suspensi\u00f3n de clases por el paso de la tormenta tropical &#8220;<em>Karl<\/em>&#8220;, as\u00ed lo inform\u00f3 el gobernador Cuitl\u00e1huac Garc\u00eda Jim\u00e9nez.<\/p>\n\n\n\n<p>En conferencia de prensa dio a conocer que la tormenta tropical sufri\u00f3 un cambio de trayectoria y ahora se prev\u00e9 que impacte a tierras veracruzanas durante la noche del viernes, por lo que no tendr\u00eda ning\u00fan efecto preventivo la suspensi\u00f3n de clases.<\/p>\n\n\n\n<p>\u201cSe prev\u00e9 que pudiera entrar la madrugada del s\u00e1bado a la zona de Los Tuxtlas, por lo tanto, ya no habr\u00eda clases y no tiene ning\u00fan efecto de prevenci\u00f3n suspender las clases\u201d, se\u00f1al\u00f3.<\/p>\n\n\n\n<p>Resalt\u00f3 que el primer pron\u00f3stico era que la tormenta pudiera impactar la zona de Nautla, sin embargo, su movimiento es lento y de acuerdo con el pron\u00f3stico de las 7 de la ma\u00f1ana de este mi\u00e9rcoles, es que se desplace hacia el sur de Veracruz.<\/p>\n\n\n\n<p>Es por ello que no hay necesidad de suspender clases como algunos padres de familia pidieron tras el anuncio de la presencia de lluvias intensas que se esperan en los pr\u00f3ximos d\u00edas.<\/p>\n\n\n\n<p>Finalmente dio a conocer que, \u201csi el viernes hay alguna escuela nocturna quiz\u00e1, pero se espera que sea muy noche. El Comit\u00e9 de Emergencias est\u00e1 pendiente y nos informar\u00e1 de manera continua\u201d.<\/p>\n","protected":false},"excerpt":{"rendered":"<p>Dar\u00edo Pale Xalapa, Ver.- En el estado de Veracruz no habr\u00e1 suspensi\u00f3n de clases por el paso de la tormenta tropical &#8220;Karl&#8220;, as\u00ed lo inform\u00f3 el gobernador Cuitl\u00e1huac Garc\u00eda Jim\u00e9nez. En conferencia de prensa dio a conocer que la tormenta tropical sufri\u00f3 un cambio de trayectoria y ahora se prev\u00e9 que impacte a tierras veracruzanas [&hellip;]<\/p>\n","protected":false},"author":1,"featured_media":32599,"comment_status":"open","ping_status":"open","sticky":false,"template":"","format":"standard","meta":{"_jetpack_memberships_contains_paid_content":false,"footnotes":""},"categories":[2],"tags":[],"class_list":["post-32598","post","type-post","status-publish","format-standard","has-post-thumbnail","hentry","category-estado"],"jetpack_featured_media_url":"https:\/\/encuentroinformativo.com.mx\/wp-content\/uploads\/2022\/10\/73E92395-E663-4DF1-AEDB-635EEAE34B49.jpeg","jetpack_sharing_enabled":true,"jetpack_likes_enabled":true,"amp_enabled":true,"_links":{"self":[{"href":"https:\/\/encuentroinformativo.com.mx\/index.php?rest_route=\/wp\/v2\/posts\/32598","targetHints":{"allow":["GET"]}}],"collection":[{"href":"https:\/\/encuentroinformativo.com.mx\/index.php?rest_route=\/wp\/v2\/posts"}],"about":[{"href":"https:\/\/encuentroinformativo.com.mx\/index.php?rest_route=\/wp\/v2\/types\/post"}],"author":[{"embeddable":true,"href":"https:\/\/encuentroinformativo.com.mx\/index.php?rest_route=\/wp\/v2\/users\/1"}],"replies":[{"embeddable":true,"href":"https:\/\/encuentroinformativo.com.mx\/index.php?rest_route=%2Fwp%2Fv2%2Fcomments&post=32598"}],"version-history":[{"count":1,"href":"https:\/\/encuentroinformativo.com.mx\/index.php?rest_route=\/wp\/v2\/posts\/32598\/revisions"}],"predecessor-version":[{"id":32600,"href":"https:\/\/encuentroinformativo.com.mx\/index.php?rest_route=\/wp\/v2\/posts\/32598\/revisions\/32600"}],"wp:featuredmedia":[{"embeddable":true,"href":"https:\/\/encuentroinformativo.com.mx\/index.php?rest_route=\/wp\/v2\/media\/32599"}],"wp:attachment":[{"href":"https:\/\/encuentroinformativo.com.mx\/index.php?rest_route=%2Fwp%2Fv2%2Fmedia&parent=32598"}],"wp:term":[{"taxonomy":"category","embeddable":true,"href":"https:\/\/encuentroinformativo.com.mx\/index.php?rest_route=%2Fwp%2Fv2%2Fcategories&post=32598"},{"taxonomy":"post_tag","embeddable":true,"href":"https:\/\/encuentroinformativo.com.mx\/index.php?rest_route=%2Fwp%2Fv2%2Ftags&post=32598"}],"curies":[{"name":"wp","href":"https:\/\/api.w.org\/{rel}","templated":true}]}}