{"id":3260,"date":"2020-06-11T14:54:30","date_gmt":"2020-06-11T19:54:30","guid":{"rendered":"https:\/\/encuentroinformativo.com\/?p=3260"},"modified":"2020-06-11T14:54:32","modified_gmt":"2020-06-11T19:54:32","slug":"sin-avanzar-denuncias-por-hechos-de-inseguridad-taxistas","status":"publish","type":"post","link":"https:\/\/encuentroinformativo.com.mx\/?p=3260","title":{"rendered":"Sin avanzar denuncias por hechos de inseguridad: Taxistas"},"content":{"rendered":"\n<p><strong>Juan Arcos <\/strong><\/p>\n\n\n\n<p>Xalapa, Ver.- Las denuncias por hechos de inseguridad contra el gremio taxista en Veracruz no han procedido en la Fiscal\u00eda General del Estado (FGE) por la pandemia del Covid-19.<\/p>\n\n\n\n<p>As\u00ed lo dio a conocer Apolinar D\u00edaz Luna, coordinador del Consejo de Transportistas del Estado de Veracruz, quien a\u00f1adi\u00f3 que contin\u00faa el robo de unidades y asaltos a los conductores.<\/p>\n\n\n\n<p>El entrevistado mencion\u00f3 que las investigaciones por parte de las autoridades ministeriales son \u201clentas\u201d, debido a que la FGE no est\u00e1 laborando al 100 por ciento, durante esta contingencia sanitaria por Covid-19.<\/p>\n\n\n\n<p>\u201cEst\u00e1n un poco tard\u00edas por la situaci\u00f3n de la pandemia, la fiscal\u00eda no est\u00e1 trabajando a toda su capacidad, realmente son guardias los que est\u00e1n trabajando y la mayor\u00eda para delitos m\u00e1s graves y esto ha venido retrasando la situaci\u00f3n\u201d.<\/p>\n\n\n\n<p>El l\u00edder transportista record\u00f3 que la mayor incidencia delictiva contra el gremio taxista se ha registrado en municipios de la zona norte del estado, como Poza Rica y Coatzintla.<\/p>\n\n\n\n<p>\u201cSobre todo es el robo de la unidad, el asalto, a veces no les quitan la unidad pero s\u00ed sus cosas de valor\u201d.<\/p>\n\n\n\n<p>D\u00edaz Luna refiri\u00f3 que se trata de bandas delictivas dedicadas al robo de veh\u00edculos para la comercializaci\u00f3n de autopartes en el mercado negro.<\/p>\n\n\n\n<p>Finalmente, indic\u00f3 que tambi\u00e9n han ocurrido hechos de inseguridad contra taxistas de Xalapa; sin embargo, han sido casos \u201caislados\u201d.<\/p>\n\n\n\n<p><\/p>\n","protected":false},"excerpt":{"rendered":"<p>Juan Arcos Xalapa, Ver.- Las denuncias por hechos de inseguridad contra el gremio taxista en Veracruz no han procedido en la Fiscal\u00eda General del Estado (FGE) por la pandemia del Covid-19. As\u00ed lo dio a conocer Apolinar D\u00edaz Luna, coordinador del Consejo de Transportistas del Estado de Veracruz, quien a\u00f1adi\u00f3 que contin\u00faa el robo de [&hellip;]<\/p>\n","protected":false},"author":1,"featured_media":3261,"comment_status":"open","ping_status":"open","sticky":false,"template":"","format":"standard","meta":{"_jetpack_memberships_contains_paid_content":false,"footnotes":""},"categories":[2],"tags":[],"class_list":["post-3260","post","type-post","status-publish","format-standard","has-post-thumbnail","hentry","category-estado"],"jetpack_featured_media_url":"https:\/\/encuentroinformativo.com.mx\/wp-content\/uploads\/2020\/06\/10610A1F-4ECF-4CA7-AD8E-C026562D9BF5.jpeg","jetpack_sharing_enabled":true,"jetpack_likes_enabled":true,"amp_enabled":true,"_links":{"self":[{"href":"https:\/\/encuentroinformativo.com.mx\/index.php?rest_route=\/wp\/v2\/posts\/3260","targetHints":{"allow":["GET"]}}],"collection":[{"href":"https:\/\/encuentroinformativo.com.mx\/index.php?rest_route=\/wp\/v2\/posts"}],"about":[{"href":"https:\/\/encuentroinformativo.com.mx\/index.php?rest_route=\/wp\/v2\/types\/post"}],"author":[{"embeddable":true,"href":"https:\/\/encuentroinformativo.com.mx\/index.php?rest_route=\/wp\/v2\/users\/1"}],"replies":[{"embeddable":true,"href":"https:\/\/encuentroinformativo.com.mx\/index.php?rest_route=%2Fwp%2Fv2%2Fcomments&post=3260"}],"version-history":[{"count":1,"href":"https:\/\/encuentroinformativo.com.mx\/index.php?rest_route=\/wp\/v2\/posts\/3260\/revisions"}],"predecessor-version":[{"id":3262,"href":"https:\/\/encuentroinformativo.com.mx\/index.php?rest_route=\/wp\/v2\/posts\/3260\/revisions\/3262"}],"wp:featuredmedia":[{"embeddable":true,"href":"https:\/\/encuentroinformativo.com.mx\/index.php?rest_route=\/wp\/v2\/media\/3261"}],"wp:attachment":[{"href":"https:\/\/encuentroinformativo.com.mx\/index.php?rest_route=%2Fwp%2Fv2%2Fmedia&parent=3260"}],"wp:term":[{"taxonomy":"category","embeddable":true,"href":"https:\/\/encuentroinformativo.com.mx\/index.php?rest_route=%2Fwp%2Fv2%2Fcategories&post=3260"},{"taxonomy":"post_tag","embeddable":true,"href":"https:\/\/encuentroinformativo.com.mx\/index.php?rest_route=%2Fwp%2Fv2%2Ftags&post=3260"}],"curies":[{"name":"wp","href":"https:\/\/api.w.org\/{rel}","templated":true}]}}