{"id":32606,"date":"2022-10-13T09:27:44","date_gmt":"2022-10-13T14:27:44","guid":{"rendered":"https:\/\/encuentroinformativo.com.mx\/?p=32606"},"modified":"2022-10-13T09:27:47","modified_gmt":"2022-10-13T14:27:47","slug":"el-rector-no-escucha-a-sus-estudiantes","status":"publish","type":"post","link":"https:\/\/encuentroinformativo.com.mx\/?p=32606","title":{"rendered":"EL RECTOR NO ESCUCHA A SUS ESTUDIANTES"},"content":{"rendered":"\n<p><strong>ColumnaSinNombre<br>@pablojair<\/strong><\/p>\n\n\n\n<ul class=\"wp-block-list\"><li>\u00bfQue AMLO confeccion\u00f3 \u201cEl Rey del Cash\u201d?<\/li><li>Ex aspirante del PAN, tras cierre de v\u00e1lvulas de agua.<\/li><li>Se coordinan Veracruz y Puebla\u2026 para robar tr\u00e1ilers.<\/li><\/ul>\n\n\n\n<p>\u00a1Qu\u00e9 raro!\u2026 Esta semana no se ha destapado un Yunes<br>&#8211;Chopenjawer<\/p>\n\n\n\n<p>El rector de la Universidad Veracruzana, Mart\u00edn Aguilar S\u00e1nchez, es verdaderamente gris, opaco, y a duras penas aparece a excepci\u00f3n de unos cuantos eventos oficiales.<\/p>\n\n\n\n<p>No es que tenga que estar en presente siempre como ajonjol\u00ed de todos los moles, pero parece no tener control o ni siquiera sabe lo que pasa dentro de la m\u00e1xima casa de estudios. Podr\u00eda poner como pretexto que por la pandemia ha tenido unos meses mediocres, pero la grave mediocridad ya se est\u00e1 ventilando como el sello de la casa.<\/p>\n\n\n\n<p>Desde los tiempos de su antecesora Sara Ladr\u00f3n de Guevara, en m\u00faltiples ocasiones hubo denuncias contra maestros y alumnos por acoso, como as\u00ed tambi\u00e9n existieron se\u00f1alamientos graves de que en la Universidad Veracruzana no hac\u00eda nada al respecto. Que hab\u00eda una protecci\u00f3n tanto al personal acad\u00e9mico como administrativo por parte de los sindicatos y nunca le hac\u00edan nada a los se\u00f1alados gracias a sus influencias pol\u00edticas .<\/p>\n\n\n\n<p>Con las marchas feministas crecieron las acusaciones y se\u00f1alamientos; testigos de lo anterior, son los muros del viaducto (el t\u00fanel que pasa por debajo del parque Ju\u00e1rez de Xalapa) donde se leen algunos nombres. Otros testimonios visibles son los tendederos donde se exhiben a quienes cometen acoso y abusos.<\/p>\n\n\n\n<p>Lo que ahora est\u00e1 pasando en la Unidad de Humanidades, es precisamente derivado de esos conflictos que la propia UV \u2014con Do\u00f1a Sara\u2014 dejaron pasar, dejaron crecer\u2026 Y Don Mart\u00edn ignora o se hace el occiso.<\/p>\n\n\n\n<p>El conflicto escal\u00f3 en pocas horas por un mal manejo por parte de las autoridades universitarias, quienes quisieron minimizar el descontento de la comunidad estudiantil por unos hechos de violencia que se suscitaron el pasado lunes.<\/p>\n\n\n\n<p>Por si no lo sabe, ah\u00ed le va la info: el 10 de octubre, alumnos de Humanidades colocaron un tendedero informativo con los nombres de acosadores, en donde mencionan a un individuo llamado Daniel \u201cN\u201d, conocido en el campus como \u201cEl Colombiano\u201d. Esta persona, al ver su nombre, fue a quitar el tendedero y &#8211;seg\u00fan testigos&#8211; amenaz\u00f3 con un arma blanca a otro estudiante que le reclam\u00f3 su actuar. (Daniel \u201cN\u201d, seg\u00fan versiones al interior, es se\u00f1alado como \u201cdealer\u201d que distribuye drogas al interior y que incluso porta arma de fuego; comentan tambi\u00e9n que tiene una maestra que lo protege, presuntamente pariente cercana).<\/p>\n\n\n\n<p>El asunto no par\u00f3 ah\u00ed: en video qued\u00f3 demostrado que un par de empleadas separaron a los alumnos y pese a las acusaciones del amenazado de que el tal Daniel portaba una navaja, nunca lo desarman. En el mismo video se ve una llamada de atenci\u00f3n y la advertencia de que lo llevar\u00e1n a la direcci\u00f3n\u2026 como si fuese un ni\u00f1o de primaria rega\u00f1ado.<\/p>\n\n\n\n<p>\u00bfQu\u00e9 hubiese pasado si el alumno hubiese sido acuchillado? \u00bfQui\u00e9n ser\u00eda el responsable ahorita?<\/p>\n\n\n\n<p>El caso creci\u00f3 porque el martes los estudiantes tomaron las instalaciones de Humanidades y por la noche la UV emiti\u00f3 un comunicado diciendo que hab\u00eda un paro activo, pero que los estudiantes ya hab\u00edan entregado las instalaciones, dando a entender a trav\u00e9s de medios aliados al rector que ya hab\u00eda terminado el conflicto.<\/p>\n\n\n\n<p>Esto enoj\u00f3 m\u00e1s a la comunidad estudiantil, pues este mi\u00e9rcoles llamaron nuevamente a la protesta y recibieron el apoyo de otras facultades de la UV inconformes por la situaci\u00f3n que no resuelven de fondo: el acoso y los abusos.<\/p>\n\n\n\n<p>Los mismos estudiantes emitieron un comunicado al respecto en una p\u00e1gina de Facebook llamada \u201cMovimiento Interfacultades UV\u201d, donde tambi\u00e9n convocan a una marcha de protesta para este jueves 13 de octubre. En dicho bolet\u00edn subrayan \u201cla inactividad por parte de las autoridades en la resoluci\u00f3n de casos de violencia, encubrimiento a acosadores, as\u00ed como la poca atenci\u00f3n a las peticiones emanadas por la comunidad estudiantil, siendo el punto detonante lo ocurrido el d\u00eda lunes\u201d.<\/p>\n\n\n\n<p>Y es que si los estudiantes se est\u00e1n movilizando por un tema tan delicado, es precisamente porque no los escuchan ni resuelven peticiones o denuncias.<\/p>\n\n\n\n<p>Se puede decir que Sara Ladr\u00f3n de Guevara le hered\u00f3 al actual rector una comunidad estudiantil agraviada y no escuchada por rector\u00eda, pero tampoco Mart\u00edn Aguilar parece dimensionar el problema.<\/p>\n\n\n\n<p>Y es que son varios temas por los que los chavos est\u00e1n enojados: acoso sexual de maestros, maestros que humillan en clases a los alumnos, maestros faltistas que si les descuentan el salario hacen paro, inseguridad en los campus. El colmo: luego de largo rato, Rector\u00eda apenas respondi\u00f3 a una queja de los alumnos que pon\u00edan en riesgo sus vidas al pasar por un puente improvisado colocado por las autoridades municipales en una obra en proceso en la zona universitaria de Xalapa.<\/p>\n\n\n\n<p>O sea, ya son muchas piedritas en el buche, y lo de Humanidades es la gota que est\u00e1 derramando el vaso.<\/p>\n\n\n\n<p>Un conflicto que se puede convertir en una bola de nieve, pero el rector Mart\u00edn Aguilar ni aparece, ni se acerca a dialogar. Haga de cuenta que no existe, porque tampoco \u2014hasta el cierre de esta edici\u00f3n\u2014 ha emitido un pronunciamiento.<\/p>\n\n\n\n<p>Totalmente ausente el vato.<\/p>\n\n\n\n<p><strong>NOTA PARA PEGAR EN EL REFRI:<\/strong> Me lo comenta anoche un tabasque\u00f1o del que me reservo nombre porque en ese estado todos se conocen: \u201cYo creo que lo del libro \u2018El Rey del Cash\u2019 hasta lo habr\u00eda dise\u00f1ado el propio AMLO\u201d\u2026 \u201c\u00bfTe cae, neta?\u201d, le pregunto\u2026 \u201cClaro, es un viejo que tiene todo controlado; sabe d\u00f3nde le pueden atacar y si lleg\u00f3 a la Presidencia es porque tambi\u00e9n supo venderse como una v\u00edctima del sistema que por a\u00f1os lo atac\u00f3 y no permit\u00eda que llegara a ser presidente; ahora prepara su salida y lo har\u00e1 como lleg\u00f3: victimiz\u00e1ndose. Saldr\u00e1 como el Julio C\u00e9sar Ch\u00e1vez todo madreado, pero vencedor, vapuleado por una oposici\u00f3n que nunca quita el dedo del rengl\u00f3n para insultarlo o golpearlo. De hecho, si te fijas, lo del libro pareciera una estrategia muy propia de la escuela de AMLO, quien tambi\u00e9n hace libros a cada rato\u201d\u2026 Le contesto: \u201cAparte, pues no leemos; si en verdad los libros fueran demoledores, ya desde hace rato lo habr\u00eda tumbado Francisco Mart\u00edn Moreno. La otra: ahora resulta que es una novedad en M\u00e9xico que los pol\u00edticos se mueven con cash\u2026 Ne memeeeeeer\u201d\u2026 Dicho lo anterior, la verdad, lo del libro quedar\u00e1 en un c\u00edrculo muy cerrado de \u201chaters\u201d, que, eso s\u00ed, repartieron el PDF como si fuese el gran libro de las grandes revelaciones mexi-nacas.<\/p>\n\n\n\n<p><strong>OTRA NOTA: <\/strong>\u201cCon respecto a la toma de una fuente de agua hacia Xalapa, el alcalde ya ha manifestado que ya est\u00e1 atendiendo el tema\u2026 Entre otras de las acciones que ha hecho, es que hay una denuncia penal contra las personas que encabezan eso; fue un excandidato del PAN, bueno, que intent\u00f3 ser candidato del PAN ah\u00ed en Coatepec y las denuncias van dirigidas a esos cabecillas porque est\u00e1n haciendo un manejo pol\u00edtico, quiz\u00e1 electorero, aunque no estamos en elecciones, pero de eso que es tema del agua: nadie puede decirse due\u00f1o del agua, es de todos\u201d, dijo el gobernador Cuitl\u00e1huac Garc\u00eda Jim\u00e9nez, sobre los \u201cmanifestantes\u201d que cerraron una v\u00e1lvula del Alto Pixquiac que abastece del vital l\u00edquido a buena parte de la capital veracruzana.<\/p>\n\n\n\n<p><strong>LA \u00daLTIMA PORQUE YA HACIENDO MALETAS:<\/strong> Dicen que las polic\u00edas estatales de Veracruz y Puebla se coordinan tanto en los l\u00edmites de estos estados, que hasta saquean juntos tr\u00e1ileres con mercanc\u00eda, tal como se dio a conocer cuando la Guardia Nacional confirm\u00f3 la captura de 9 elementos (3 de Veracruz) sorprendidos mientras vaciaba un tractocami\u00f3n cargado con levadura en el municipio de Esperanza\u2026 \u00bfPos qu\u00e9 tanto pan traga \u201cLicha Villarreal\u201d en la Torre de SSP?\u2026 Por cierto, desde aqu\u00ed se les dijo hace poco: hay broncas en esa zona y no basta que se re\u00fanan los gobernadores para la bonita foto, mientras los \u201cpolis\u201d andan haciendo su despapaye con un mando que anda tragando rebanadas\u2026 de pan con harta levadura.<\/p>\n","protected":false},"excerpt":{"rendered":"<p>ColumnaSinNombre@pablojair \u00bfQue AMLO confeccion\u00f3 \u201cEl Rey del Cash\u201d? Ex aspirante del PAN, tras cierre de v\u00e1lvulas de agua. Se coordinan Veracruz y Puebla\u2026 para robar tr\u00e1ilers. \u00a1Qu\u00e9 raro!\u2026 Esta semana no se ha destapado un Yunes&#8211;Chopenjawer El rector de la Universidad Veracruzana, Mart\u00edn Aguilar S\u00e1nchez, es verdaderamente gris, opaco, y a duras penas aparece a [&hellip;]<\/p>\n","protected":false},"author":1,"featured_media":488,"comment_status":"open","ping_status":"open","sticky":false,"template":"","format":"standard","meta":{"_jetpack_memberships_contains_paid_content":false,"footnotes":""},"categories":[11],"tags":[],"class_list":["post-32606","post","type-post","status-publish","format-standard","has-post-thumbnail","hentry","category-opinion"],"jetpack_featured_media_url":"https:\/\/encuentroinformativo.com.mx\/wp-content\/uploads\/2020\/03\/F471F608-BA1A-416B-BA7B-BCFB24F4E6D0.jpeg","jetpack_sharing_enabled":true,"jetpack_likes_enabled":true,"amp_enabled":true,"_links":{"self":[{"href":"https:\/\/encuentroinformativo.com.mx\/index.php?rest_route=\/wp\/v2\/posts\/32606","targetHints":{"allow":["GET"]}}],"collection":[{"href":"https:\/\/encuentroinformativo.com.mx\/index.php?rest_route=\/wp\/v2\/posts"}],"about":[{"href":"https:\/\/encuentroinformativo.com.mx\/index.php?rest_route=\/wp\/v2\/types\/post"}],"author":[{"embeddable":true,"href":"https:\/\/encuentroinformativo.com.mx\/index.php?rest_route=\/wp\/v2\/users\/1"}],"replies":[{"embeddable":true,"href":"https:\/\/encuentroinformativo.com.mx\/index.php?rest_route=%2Fwp%2Fv2%2Fcomments&post=32606"}],"version-history":[{"count":1,"href":"https:\/\/encuentroinformativo.com.mx\/index.php?rest_route=\/wp\/v2\/posts\/32606\/revisions"}],"predecessor-version":[{"id":32607,"href":"https:\/\/encuentroinformativo.com.mx\/index.php?rest_route=\/wp\/v2\/posts\/32606\/revisions\/32607"}],"wp:featuredmedia":[{"embeddable":true,"href":"https:\/\/encuentroinformativo.com.mx\/index.php?rest_route=\/wp\/v2\/media\/488"}],"wp:attachment":[{"href":"https:\/\/encuentroinformativo.com.mx\/index.php?rest_route=%2Fwp%2Fv2%2Fmedia&parent=32606"}],"wp:term":[{"taxonomy":"category","embeddable":true,"href":"https:\/\/encuentroinformativo.com.mx\/index.php?rest_route=%2Fwp%2Fv2%2Fcategories&post=32606"},{"taxonomy":"post_tag","embeddable":true,"href":"https:\/\/encuentroinformativo.com.mx\/index.php?rest_route=%2Fwp%2Fv2%2Ftags&post=32606"}],"curies":[{"name":"wp","href":"https:\/\/api.w.org\/{rel}","templated":true}]}}