{"id":32611,"date":"2022-10-13T10:49:20","date_gmt":"2022-10-13T15:49:20","guid":{"rendered":"https:\/\/encuentroinformativo.com.mx\/?p=32611"},"modified":"2022-10-13T10:49:23","modified_gmt":"2022-10-13T15:49:23","slug":"apoyara-gobierno-con-dragado-del-rio-jamapa-alcalde-unanue","status":"publish","type":"post","link":"https:\/\/encuentroinformativo.com.mx\/?p=32611","title":{"rendered":"Apoyar\u00e1 Gobierno con dragado del r\u00edo Jamapa: Alcalde Unanue"},"content":{"rendered":"\n<p><strong>Alejandro \u00c1vila<\/strong><\/p>\n\n\n\n<p>Boca del R\u00edo, Ver.- El tr\u00e1mite legal con el Gobierno del Estado de Veracruz para retirar el buque Guanajuato del municipio de Boca del R\u00edo ya se encuentra concluido, inform\u00f3 el alcalde, Juan Manuel Unanue Abascal.<\/p>\n\n\n\n<p>El edil panista record\u00f3 que la embarcaci\u00f3n fue donada por el Gobierno del Estado al municipio de Boca del R\u00edo para ser utilizada como museo, y sigue siendo propiedad del ente estatal.<\/p>\n\n\n\n<p>&#8220;Ya va a entrar una empresa, precisamente a desguazar el sitio, el artefacto, el buque. Lo que pretendemos hacer el pr\u00f3ximo a\u00f1o, independientemente de que, bueno, he platicado con el gobernador, y de alguna manera nos va a ayudar a dragar la barra que tiene 11 a\u00f1os que no se draga y ya est\u00e1 muy azolvada, es rehabilitar a la Plaza Banderas para tener un espacio p\u00fablico en perfectas condiciones para el pr\u00f3ximo a\u00f1o&#8221;, dijo Unanue Abascal.<\/p>\n\n\n\n<p>El presidente municipal aclar\u00f3 que, el desguace para el retiro del buque Guanajuato debe comenzar en las pr\u00f3ximas semanas.<\/p>\n\n\n\n<p>Finalmente y en otro tema, dijo que, en caso de regresar el recurso del FORTASEG ser\u00eda muy positivo para los m\u00e1s de 2 mil municipios que hay en la Rep\u00fablica Mexicana; ya que tan solo en Boca del R\u00edo se gastan 30 millones de pesos anuales en el pago de la Polic\u00eda Municipal.<\/p>\n","protected":false},"excerpt":{"rendered":"<p>Alejandro \u00c1vila Boca del R\u00edo, Ver.- El tr\u00e1mite legal con el Gobierno del Estado de Veracruz para retirar el buque Guanajuato del municipio de Boca del R\u00edo ya se encuentra concluido, inform\u00f3 el alcalde, Juan Manuel Unanue Abascal. El edil panista record\u00f3 que la embarcaci\u00f3n fue donada por el Gobierno del Estado al municipio de [&hellip;]<\/p>\n","protected":false},"author":1,"featured_media":32612,"comment_status":"open","ping_status":"open","sticky":false,"template":"","format":"standard","meta":{"_jetpack_memberships_contains_paid_content":false,"footnotes":""},"categories":[2],"tags":[],"class_list":["post-32611","post","type-post","status-publish","format-standard","has-post-thumbnail","hentry","category-estado"],"jetpack_featured_media_url":"https:\/\/encuentroinformativo.com.mx\/wp-content\/uploads\/2022\/10\/5622CB33-0565-434B-9674-0EDE18A9176D.jpeg","jetpack_sharing_enabled":true,"jetpack_likes_enabled":true,"amp_enabled":true,"_links":{"self":[{"href":"https:\/\/encuentroinformativo.com.mx\/index.php?rest_route=\/wp\/v2\/posts\/32611","targetHints":{"allow":["GET"]}}],"collection":[{"href":"https:\/\/encuentroinformativo.com.mx\/index.php?rest_route=\/wp\/v2\/posts"}],"about":[{"href":"https:\/\/encuentroinformativo.com.mx\/index.php?rest_route=\/wp\/v2\/types\/post"}],"author":[{"embeddable":true,"href":"https:\/\/encuentroinformativo.com.mx\/index.php?rest_route=\/wp\/v2\/users\/1"}],"replies":[{"embeddable":true,"href":"https:\/\/encuentroinformativo.com.mx\/index.php?rest_route=%2Fwp%2Fv2%2Fcomments&post=32611"}],"version-history":[{"count":1,"href":"https:\/\/encuentroinformativo.com.mx\/index.php?rest_route=\/wp\/v2\/posts\/32611\/revisions"}],"predecessor-version":[{"id":32613,"href":"https:\/\/encuentroinformativo.com.mx\/index.php?rest_route=\/wp\/v2\/posts\/32611\/revisions\/32613"}],"wp:featuredmedia":[{"embeddable":true,"href":"https:\/\/encuentroinformativo.com.mx\/index.php?rest_route=\/wp\/v2\/media\/32612"}],"wp:attachment":[{"href":"https:\/\/encuentroinformativo.com.mx\/index.php?rest_route=%2Fwp%2Fv2%2Fmedia&parent=32611"}],"wp:term":[{"taxonomy":"category","embeddable":true,"href":"https:\/\/encuentroinformativo.com.mx\/index.php?rest_route=%2Fwp%2Fv2%2Fcategories&post=32611"},{"taxonomy":"post_tag","embeddable":true,"href":"https:\/\/encuentroinformativo.com.mx\/index.php?rest_route=%2Fwp%2Fv2%2Ftags&post=32611"}],"curies":[{"name":"wp","href":"https:\/\/api.w.org\/{rel}","templated":true}]}}