{"id":32614,"date":"2022-10-13T12:20:08","date_gmt":"2022-10-13T17:20:08","guid":{"rendered":"https:\/\/encuentroinformativo.com.mx\/?p=32614"},"modified":"2022-10-13T12:20:11","modified_gmt":"2022-10-13T17:20:11","slug":"mega-marcha-de-estudiantes-uv-reclaman-presencia-de-rector","status":"publish","type":"post","link":"https:\/\/encuentroinformativo.com.mx\/?p=32614","title":{"rendered":"Mega marcha de estudiantes UV, reclaman presencia de Rector"},"content":{"rendered":"\n<p><strong>Juan Arcos<\/strong><\/p>\n\n\n\n<p>Xalapa, Ver.- Estudiantes de diversas facultades de la Universidad Veracruzana (UV) participaron en una megamarcha en esta ciudad de Xalapa por los constantes casos de acoso sexual contra las alumnas y la presunta protecci\u00f3n a los agresores por parte de las autoridades acad\u00e9micas.<\/p>\n\n\n\n<p>Cientos de estudiantes vestidos de negro se concentraron en la Unidad Acad\u00e9mica de Humanidades para posteriormente caminar hacia la Rector\u00eda, en la zona universitaria.<\/p>\n\n\n\n<p>Durante el recorrido se sumaron contingentes de otras facultades. Decenas de alumnos de Artes se aglomeraron en la biblioteca \u201cCarlos Fuentes\u201d y despu\u00e9s se unieron a la manifestaci\u00f3n por la calle Betancourt.<\/p>\n\n\n\n<p>Los alumnos caminaron sobre la avenida \u00c1vila Camacho, pasaron por el Viaducto del parque Ju\u00e1rez y marcharon sobre Ignacio Zaragoza e Hidalgo para salir al parque \u201cMiguel Hidalgo\u201d, mejor conocido como \u201cLos Berros\u201d y despu\u00e9s incorporarse a la calle Salvador D\u00edaz Mir\u00f3n hasta pasar por el Estadio Xalape\u00f1o \u201cHeriberto Jara Corona\u201d y llegar a Rector\u00eda.<\/p>\n\n\n\n<p>Estudiantes de la Facultad de Psicolog\u00eda se concentraron en las inmediaciones del Gimnasio Universitario \u201cMiguel \u00c1ngel R\u00edos Torres\u201d para tambi\u00e9n sumarse al contingente.<\/p>\n\n\n\n<p>El paro estudiantil y las protestas surgieron por el conflicto registrado en Humanidades el pasado lunes 10 de octubre, donde las alumnas colocaron el \u201ctendedero del acoso\u201d y uno de sus compa\u00f1eros los destruy\u00f3 con una navaja sin recibir una sanci\u00f3n.<\/p>\n\n\n\n<p>Los quejosos exigieron a gritos al rector de la UV, Mart\u00edn Aguilar S\u00e1nchez, que los reciba para atender las demandas estudiantiles por los casos de violencia sexual registrados en las distintas facultades.<\/p>\n\n\n\n<p>\u201cQue baje el Rector, que salga el Rector\u201d, exclamaron una y otra vez afuera del edificio de la Rector\u00eda de la Universidad Veracruzana.<\/p>\n\n\n\n<p>A la protesta se sumaron alumnos de otras facultades, como Enfermer\u00eda, Artes, Psicolog\u00eda, Derecho, Ingenier\u00eda Mec\u00e1nica El\u00e9ctrica y Bioan\u00e1lisis.<\/p>\n\n\n\n<p>Los estudiantes indicaron que el paro estudiantil contin\u00faa activo de manera indefinida en la m\u00e1xima casa de estudios del estado de Veracruz.<\/p>\n\n\n\n<figure class=\"wp-block-image size-large\"><img loading=\"lazy\" decoding=\"async\" width=\"1024\" height=\"576\" src=\"https:\/\/encuentroinformativo.com.mx\/wp-content\/uploads\/2022\/10\/EB468CEB-9F0D-422D-BD57-4B22A96A0DC3-1024x576.jpeg\" alt=\"\" class=\"wp-image-32616\" srcset=\"https:\/\/encuentroinformativo.com.mx\/wp-content\/uploads\/2022\/10\/EB468CEB-9F0D-422D-BD57-4B22A96A0DC3-1024x576.jpeg 1024w, https:\/\/encuentroinformativo.com.mx\/wp-content\/uploads\/2022\/10\/EB468CEB-9F0D-422D-BD57-4B22A96A0DC3-300x169.jpeg 300w, https:\/\/encuentroinformativo.com.mx\/wp-content\/uploads\/2022\/10\/EB468CEB-9F0D-422D-BD57-4B22A96A0DC3-768x432.jpeg 768w, https:\/\/encuentroinformativo.com.mx\/wp-content\/uploads\/2022\/10\/EB468CEB-9F0D-422D-BD57-4B22A96A0DC3-1536x864.jpeg 1536w, https:\/\/encuentroinformativo.com.mx\/wp-content\/uploads\/2022\/10\/EB468CEB-9F0D-422D-BD57-4B22A96A0DC3.jpeg 1760w\" sizes=\"auto, (max-width: 1024px) 100vw, 1024px\" \/><\/figure>\n\n\n\n<figure class=\"wp-block-image size-large\"><img loading=\"lazy\" decoding=\"async\" width=\"1024\" height=\"576\" src=\"https:\/\/encuentroinformativo.com.mx\/wp-content\/uploads\/2022\/10\/9064556E-D65D-4F77-A236-6885846BE385-1024x576.jpeg\" alt=\"\" class=\"wp-image-32617\" srcset=\"https:\/\/encuentroinformativo.com.mx\/wp-content\/uploads\/2022\/10\/9064556E-D65D-4F77-A236-6885846BE385-1024x576.jpeg 1024w, https:\/\/encuentroinformativo.com.mx\/wp-content\/uploads\/2022\/10\/9064556E-D65D-4F77-A236-6885846BE385-300x169.jpeg 300w, https:\/\/encuentroinformativo.com.mx\/wp-content\/uploads\/2022\/10\/9064556E-D65D-4F77-A236-6885846BE385-768x432.jpeg 768w, https:\/\/encuentroinformativo.com.mx\/wp-content\/uploads\/2022\/10\/9064556E-D65D-4F77-A236-6885846BE385-1536x864.jpeg 1536w, https:\/\/encuentroinformativo.com.mx\/wp-content\/uploads\/2022\/10\/9064556E-D65D-4F77-A236-6885846BE385.jpeg 1760w\" sizes=\"auto, (max-width: 1024px) 100vw, 1024px\" \/><\/figure>\n","protected":false},"excerpt":{"rendered":"<p>Juan Arcos Xalapa, Ver.- Estudiantes de diversas facultades de la Universidad Veracruzana (UV) participaron en una megamarcha en esta ciudad de Xalapa por los constantes casos de acoso sexual contra las alumnas y la presunta protecci\u00f3n a los agresores por parte de las autoridades acad\u00e9micas. Cientos de estudiantes vestidos de negro se concentraron en la [&hellip;]<\/p>\n","protected":false},"author":1,"featured_media":32615,"comment_status":"open","ping_status":"open","sticky":false,"template":"","format":"standard","meta":{"_jetpack_memberships_contains_paid_content":false,"footnotes":""},"categories":[3],"tags":[],"class_list":["post-32614","post","type-post","status-publish","format-standard","has-post-thumbnail","hentry","category-xalapa"],"jetpack_featured_media_url":"https:\/\/encuentroinformativo.com.mx\/wp-content\/uploads\/2022\/10\/EF90824C-AE7E-4660-990A-FBE078ED9E72.jpeg","jetpack_sharing_enabled":true,"jetpack_likes_enabled":true,"amp_enabled":true,"_links":{"self":[{"href":"https:\/\/encuentroinformativo.com.mx\/index.php?rest_route=\/wp\/v2\/posts\/32614","targetHints":{"allow":["GET"]}}],"collection":[{"href":"https:\/\/encuentroinformativo.com.mx\/index.php?rest_route=\/wp\/v2\/posts"}],"about":[{"href":"https:\/\/encuentroinformativo.com.mx\/index.php?rest_route=\/wp\/v2\/types\/post"}],"author":[{"embeddable":true,"href":"https:\/\/encuentroinformativo.com.mx\/index.php?rest_route=\/wp\/v2\/users\/1"}],"replies":[{"embeddable":true,"href":"https:\/\/encuentroinformativo.com.mx\/index.php?rest_route=%2Fwp%2Fv2%2Fcomments&post=32614"}],"version-history":[{"count":1,"href":"https:\/\/encuentroinformativo.com.mx\/index.php?rest_route=\/wp\/v2\/posts\/32614\/revisions"}],"predecessor-version":[{"id":32618,"href":"https:\/\/encuentroinformativo.com.mx\/index.php?rest_route=\/wp\/v2\/posts\/32614\/revisions\/32618"}],"wp:featuredmedia":[{"embeddable":true,"href":"https:\/\/encuentroinformativo.com.mx\/index.php?rest_route=\/wp\/v2\/media\/32615"}],"wp:attachment":[{"href":"https:\/\/encuentroinformativo.com.mx\/index.php?rest_route=%2Fwp%2Fv2%2Fmedia&parent=32614"}],"wp:term":[{"taxonomy":"category","embeddable":true,"href":"https:\/\/encuentroinformativo.com.mx\/index.php?rest_route=%2Fwp%2Fv2%2Fcategories&post=32614"},{"taxonomy":"post_tag","embeddable":true,"href":"https:\/\/encuentroinformativo.com.mx\/index.php?rest_route=%2Fwp%2Fv2%2Ftags&post=32614"}],"curies":[{"name":"wp","href":"https:\/\/api.w.org\/{rel}","templated":true}]}}