{"id":32619,"date":"2022-10-13T13:39:08","date_gmt":"2022-10-13T18:39:08","guid":{"rendered":"https:\/\/encuentroinformativo.com.mx\/?p=32619"},"modified":"2022-10-13T13:39:13","modified_gmt":"2022-10-13T18:39:13","slug":"kinder-de-veracruz-solicita-apoyo-del-ayuntamiento-para-instalar-climas","status":"publish","type":"post","link":"https:\/\/encuentroinformativo.com.mx\/?p=32619","title":{"rendered":"Kinder de Veracruz solicita apoyo del Ayuntamiento para instalar climas"},"content":{"rendered":"\n<p><strong>Alejandro \u00c1vila<\/strong><\/p>\n\n\n\n<p>Veracruz, Ver.- La Asociaci\u00f3n de Padres de Familia (APF) del jard\u00edn de ni\u00f1os &#8220;Frida Kahlo&#8221; ubicado en el fraccionamiento El Campanario, intent\u00f3 presentar un documento al Ayuntamiento de Veracruz este mi\u00e9rcoles, donde solicitar\u00edan a la alcaldesa Patricia Lobeira Rodr\u00edguez, el apoyo con aires acondicionados para el sal\u00f3n de ni\u00f1os con autismo.<\/p>\n\n\n\n<p>Lizbeth Manabo V\u00e1zquez, madre de familia, dijo que los peque\u00f1os deben realizar sus terapias y los salones est\u00e1n muy calurosos, lo que les impide llevar a cabo sus tratamientos; de la misma manera, pidieron el apoyo con alumbrado p\u00fablico, ya que la zona es de alto riesgo.<\/p>\n\n\n\n<p>&#8220;Ya se han hecho, tenemos muchos oficios y nada m\u00e1s nos dan largas (la Secretar\u00eda de Educaci\u00f3n de Veracruz), que si, que van a ir, que est\u00e1n en el proceso, y pasan a\u00f1os y pasa tiempo, este compromiso lo tienen desde antes de la pandemia (\u2026) ya nos han robado, en un mes, ahorita, ya nos han robado dos veces, hay que estar en remendando, poniendo cosas atr\u00e1s para que la gente no entre, sin embargo como quiera entran, porque est\u00e1 amplio lo que es el espacios de la escuela, entonces al estar todo amplio y estar todo obscuro, pues la gente se mete, quiere robar a los salones, y las l\u00e1mparas las poquitas que hay ya se las han robado&#8221;, mencion\u00f3.<\/p>\n\n\n\n<p>Los afectados se\u00f1alan que, todos los padres de familia cooperan de manera semanal, para darle un apoyo econ\u00f3mico a una madre de familia, qu\u00e9 es la que funge como veladora; de la misma manera, han sido ellos qui\u00e9nes realiza jornadas de limpieza, pues en anteriores ocasiones encontraban v\u00edboras y otros animales qu\u00e9 atemorizaban a los peque\u00f1os.<\/p>\n\n\n\n<p>&#8220;Eso es lo que andamos viendo, porque los padres quieren tomar la escuela, nosotros somos de la Sociedad de Padres, dijimos que hoy \u00edbamos a venir a pedir apoyo (al Miercoles Ciudadano) y resulta que encontramos las puertas cerradas, y ayer hablamos y dijeron que aqu\u00ed iban a estar, pero c\u00f3mo hoy es d\u00eda festivo no hubo nada, que vinieramos ma\u00f1ana (jueves)&#8221;, reclamaron los padres.<\/p>\n\n\n\n<p>La matr\u00edcula del k\u00ednder &#8220;Frida Kahlo&#8221; es de 60 alumnos, de los cuales 9 de ellos tienen discapacidad.<\/p>\n\n\n\n<p>&#8220;Ya le hemos pedido el apoyo la diputada Mar\u00eda Jos\u00e9 Gamboa, pero su contestaci\u00f3n ha sido de que eso ya no le corresponde a ella. De plano ya tiene bloqueada a la directora, de tanto que le dice, le dice y le dice&#8221;, culmin\u00f3.<\/p>\n","protected":false},"excerpt":{"rendered":"<p>Alejandro \u00c1vila Veracruz, Ver.- La Asociaci\u00f3n de Padres de Familia (APF) del jard\u00edn de ni\u00f1os &#8220;Frida Kahlo&#8221; ubicado en el fraccionamiento El Campanario, intent\u00f3 presentar un documento al Ayuntamiento de Veracruz este mi\u00e9rcoles, donde solicitar\u00edan a la alcaldesa Patricia Lobeira Rodr\u00edguez, el apoyo con aires acondicionados para el sal\u00f3n de ni\u00f1os con autismo. Lizbeth Manabo [&hellip;]<\/p>\n","protected":false},"author":1,"featured_media":32620,"comment_status":"open","ping_status":"open","sticky":false,"template":"","format":"standard","meta":{"_jetpack_memberships_contains_paid_content":false,"footnotes":""},"categories":[2],"tags":[],"class_list":["post-32619","post","type-post","status-publish","format-standard","has-post-thumbnail","hentry","category-estado"],"jetpack_featured_media_url":"https:\/\/encuentroinformativo.com.mx\/wp-content\/uploads\/2022\/10\/56239CB5-F160-4295-84BA-B2B6DA4A47A8.jpeg","jetpack_sharing_enabled":true,"jetpack_likes_enabled":true,"amp_enabled":true,"_links":{"self":[{"href":"https:\/\/encuentroinformativo.com.mx\/index.php?rest_route=\/wp\/v2\/posts\/32619","targetHints":{"allow":["GET"]}}],"collection":[{"href":"https:\/\/encuentroinformativo.com.mx\/index.php?rest_route=\/wp\/v2\/posts"}],"about":[{"href":"https:\/\/encuentroinformativo.com.mx\/index.php?rest_route=\/wp\/v2\/types\/post"}],"author":[{"embeddable":true,"href":"https:\/\/encuentroinformativo.com.mx\/index.php?rest_route=\/wp\/v2\/users\/1"}],"replies":[{"embeddable":true,"href":"https:\/\/encuentroinformativo.com.mx\/index.php?rest_route=%2Fwp%2Fv2%2Fcomments&post=32619"}],"version-history":[{"count":1,"href":"https:\/\/encuentroinformativo.com.mx\/index.php?rest_route=\/wp\/v2\/posts\/32619\/revisions"}],"predecessor-version":[{"id":32622,"href":"https:\/\/encuentroinformativo.com.mx\/index.php?rest_route=\/wp\/v2\/posts\/32619\/revisions\/32622"}],"wp:featuredmedia":[{"embeddable":true,"href":"https:\/\/encuentroinformativo.com.mx\/index.php?rest_route=\/wp\/v2\/media\/32620"}],"wp:attachment":[{"href":"https:\/\/encuentroinformativo.com.mx\/index.php?rest_route=%2Fwp%2Fv2%2Fmedia&parent=32619"}],"wp:term":[{"taxonomy":"category","embeddable":true,"href":"https:\/\/encuentroinformativo.com.mx\/index.php?rest_route=%2Fwp%2Fv2%2Fcategories&post=32619"},{"taxonomy":"post_tag","embeddable":true,"href":"https:\/\/encuentroinformativo.com.mx\/index.php?rest_route=%2Fwp%2Fv2%2Ftags&post=32619"}],"curies":[{"name":"wp","href":"https:\/\/api.w.org\/{rel}","templated":true}]}}