{"id":32623,"date":"2022-10-13T13:48:35","date_gmt":"2022-10-13T18:48:35","guid":{"rendered":"https:\/\/encuentroinformativo.com.mx\/?p=32623"},"modified":"2022-10-13T13:48:39","modified_gmt":"2022-10-13T18:48:39","slug":"celebrara-junior-klan-su-50-aniversario-en-veracruz","status":"publish","type":"post","link":"https:\/\/encuentroinformativo.com.mx\/?p=32623","title":{"rendered":"Celebrar\u00e1 Junior Klan su 50 aniversario en Veracruz"},"content":{"rendered":"\n<p><strong>Alejandro \u00c1vila<\/strong><\/p>\n\n\n\n<p>Veracruz, Ver.- El pr\u00f3ximo 19 de noviembre la agrupaci\u00f3n veracruzana Junior Klan celebrar\u00e1 su 50 aniversario de fundaci\u00f3n en el auditorio &#8220;Benito Ju\u00e1rez&#8221; de la ciudad de Veracruz.<\/p>\n\n\n\n<p>En dicho evento tendr\u00e1 diversos invitados, entre los que destacan Los Acosta, Los Karkik\u00b4s, y la actuaci\u00f3n especial de BereniC \u201cLa novia del Sureste\u201d.<\/p>\n\n\n\n<p>&#8220;La Maravilla Musical de M\u00e9xico&#8221; tiene previsto un espect\u00e1culo de primer nivel, pues busca continuar en el gusto del p\u00fablico, habiendo conquistado ya, a la audiencia de los estados del norte de M\u00e9xico y el sur de Estados Unidos.<\/p>\n\n\n\n<p>El magno baile de Junior Klan \u201cLa Maravilla Musical de M\u00e9xico\u201d se realizar\u00e1 el s\u00e1bado 19 de noviembre en la explanada del Auditorio \u201cBenito Ju\u00e1rez\u201d a partir de las 22:00 horas.&nbsp;<\/p>\n\n\n\n<p>Boletos en l\u00ednea a trav\u00e9s de&nbsp;&nbsp;www.ticketbox.com.mx; costos: preventa: $ 220.00; preventa Mesa VIP con 4 boletos: $ 1,600.00<\/p>\n","protected":false},"excerpt":{"rendered":"<p>Alejandro \u00c1vila Veracruz, Ver.- El pr\u00f3ximo 19 de noviembre la agrupaci\u00f3n veracruzana Junior Klan celebrar\u00e1 su 50 aniversario de fundaci\u00f3n en el auditorio &#8220;Benito Ju\u00e1rez&#8221; de la ciudad de Veracruz. En dicho evento tendr\u00e1 diversos invitados, entre los que destacan Los Acosta, Los Karkik\u00b4s, y la actuaci\u00f3n especial de BereniC \u201cLa novia del Sureste\u201d. &#8220;La [&hellip;]<\/p>\n","protected":false},"author":1,"featured_media":32624,"comment_status":"open","ping_status":"open","sticky":false,"template":"","format":"standard","meta":{"_jetpack_memberships_contains_paid_content":false,"footnotes":""},"categories":[2],"tags":[],"class_list":["post-32623","post","type-post","status-publish","format-standard","has-post-thumbnail","hentry","category-estado"],"jetpack_featured_media_url":"https:\/\/encuentroinformativo.com.mx\/wp-content\/uploads\/2022\/10\/E8C01977-43E4-42FE-A5D0-FE9DB3871A36.jpeg","jetpack_sharing_enabled":true,"jetpack_likes_enabled":true,"amp_enabled":true,"_links":{"self":[{"href":"https:\/\/encuentroinformativo.com.mx\/index.php?rest_route=\/wp\/v2\/posts\/32623","targetHints":{"allow":["GET"]}}],"collection":[{"href":"https:\/\/encuentroinformativo.com.mx\/index.php?rest_route=\/wp\/v2\/posts"}],"about":[{"href":"https:\/\/encuentroinformativo.com.mx\/index.php?rest_route=\/wp\/v2\/types\/post"}],"author":[{"embeddable":true,"href":"https:\/\/encuentroinformativo.com.mx\/index.php?rest_route=\/wp\/v2\/users\/1"}],"replies":[{"embeddable":true,"href":"https:\/\/encuentroinformativo.com.mx\/index.php?rest_route=%2Fwp%2Fv2%2Fcomments&post=32623"}],"version-history":[{"count":1,"href":"https:\/\/encuentroinformativo.com.mx\/index.php?rest_route=\/wp\/v2\/posts\/32623\/revisions"}],"predecessor-version":[{"id":32625,"href":"https:\/\/encuentroinformativo.com.mx\/index.php?rest_route=\/wp\/v2\/posts\/32623\/revisions\/32625"}],"wp:featuredmedia":[{"embeddable":true,"href":"https:\/\/encuentroinformativo.com.mx\/index.php?rest_route=\/wp\/v2\/media\/32624"}],"wp:attachment":[{"href":"https:\/\/encuentroinformativo.com.mx\/index.php?rest_route=%2Fwp%2Fv2%2Fmedia&parent=32623"}],"wp:term":[{"taxonomy":"category","embeddable":true,"href":"https:\/\/encuentroinformativo.com.mx\/index.php?rest_route=%2Fwp%2Fv2%2Fcategories&post=32623"},{"taxonomy":"post_tag","embeddable":true,"href":"https:\/\/encuentroinformativo.com.mx\/index.php?rest_route=%2Fwp%2Fv2%2Ftags&post=32623"}],"curies":[{"name":"wp","href":"https:\/\/api.w.org\/{rel}","templated":true}]}}