{"id":32626,"date":"2022-10-13T14:14:12","date_gmt":"2022-10-13T19:14:12","guid":{"rendered":"https:\/\/encuentroinformativo.com.mx\/?p=32626"},"modified":"2022-10-13T14:14:16","modified_gmt":"2022-10-13T19:14:16","slug":"acusan-desabasto-de-medicamentos-en-clinica-del-issste-2","status":"publish","type":"post","link":"https:\/\/encuentroinformativo.com.mx\/?p=32626","title":{"rendered":"Acusan desabasto de medicamentos en cl\u00ednica del ISSSTE"},"content":{"rendered":"\n<p><strong>Juan Arcos <\/strong><\/p>\n\n\n\n<p>Xalapa, Ver.- Derechohabientes denunciaron que desde mayo pasado hay desabasto de ciertos medicamentos en la cl\u00ednica hospital del Instituto de Seguridad y Servicios Sociales de los Trabajadores del Estado (ISSSTE).<\/p>\n\n\n\n<p>Uno de ellos es el clonazepam, que se ocupa para el tratamiento de pacientes con s\u00edndrome de ansiedad e insomnio.<\/p>\n\n\n\n<p>\u201cSe supone que les surten cada mes y desde mayo fue el \u00faltimo mes que lo surtieron, el m\u00e9dico da la receta pero no lo hay\u201d, indicaron de manera an\u00f3nima por temor a represalias.<\/p>\n\n\n\n<p>En la farmacia de la cl\u00ednica, el personal dice desconocer los motivos por los cuales no hay dicho medicamento.<\/p>\n\n\n\n<p>\u201cEn farmacia no saben si ya sali\u00f3 del cuarto b\u00e1sico este medicamento o si alg\u00fan d\u00eda llegar\u00e1, no saben nada, supuestamente\u201d, a\u00f1adieron.<\/p>\n\n\n\n<p>Los pacientes tienen que comprar el clonazepam en farmacias particulares, para no suspender su tratamiento.<\/p>\n\n\n\n<p>En caso de la suspensi\u00f3n del tratamiento, podr\u00edan registrar crisis de ansiedad y trastornos del sue\u00f1o, vi\u00e9ndose mayormente afectada su salud.<\/p>\n","protected":false},"excerpt":{"rendered":"<p>Juan Arcos Xalapa, Ver.- Derechohabientes denunciaron que desde mayo pasado hay desabasto de ciertos medicamentos en la cl\u00ednica hospital del Instituto de Seguridad y Servicios Sociales de los Trabajadores del Estado (ISSSTE). Uno de ellos es el clonazepam, que se ocupa para el tratamiento de pacientes con s\u00edndrome de ansiedad e insomnio. \u201cSe supone que [&hellip;]<\/p>\n","protected":false},"author":1,"featured_media":32627,"comment_status":"open","ping_status":"open","sticky":false,"template":"","format":"standard","meta":{"_jetpack_memberships_contains_paid_content":false,"footnotes":""},"categories":[9],"tags":[],"class_list":["post-32626","post","type-post","status-publish","format-standard","has-post-thumbnail","hentry","category-salud"],"jetpack_featured_media_url":"https:\/\/encuentroinformativo.com.mx\/wp-content\/uploads\/2022\/10\/AD38FF3E-A079-4F37-BF2F-CD01160329AE.jpeg","jetpack_sharing_enabled":true,"jetpack_likes_enabled":true,"amp_enabled":true,"_links":{"self":[{"href":"https:\/\/encuentroinformativo.com.mx\/index.php?rest_route=\/wp\/v2\/posts\/32626","targetHints":{"allow":["GET"]}}],"collection":[{"href":"https:\/\/encuentroinformativo.com.mx\/index.php?rest_route=\/wp\/v2\/posts"}],"about":[{"href":"https:\/\/encuentroinformativo.com.mx\/index.php?rest_route=\/wp\/v2\/types\/post"}],"author":[{"embeddable":true,"href":"https:\/\/encuentroinformativo.com.mx\/index.php?rest_route=\/wp\/v2\/users\/1"}],"replies":[{"embeddable":true,"href":"https:\/\/encuentroinformativo.com.mx\/index.php?rest_route=%2Fwp%2Fv2%2Fcomments&post=32626"}],"version-history":[{"count":1,"href":"https:\/\/encuentroinformativo.com.mx\/index.php?rest_route=\/wp\/v2\/posts\/32626\/revisions"}],"predecessor-version":[{"id":32628,"href":"https:\/\/encuentroinformativo.com.mx\/index.php?rest_route=\/wp\/v2\/posts\/32626\/revisions\/32628"}],"wp:featuredmedia":[{"embeddable":true,"href":"https:\/\/encuentroinformativo.com.mx\/index.php?rest_route=\/wp\/v2\/media\/32627"}],"wp:attachment":[{"href":"https:\/\/encuentroinformativo.com.mx\/index.php?rest_route=%2Fwp%2Fv2%2Fmedia&parent=32626"}],"wp:term":[{"taxonomy":"category","embeddable":true,"href":"https:\/\/encuentroinformativo.com.mx\/index.php?rest_route=%2Fwp%2Fv2%2Fcategories&post=32626"},{"taxonomy":"post_tag","embeddable":true,"href":"https:\/\/encuentroinformativo.com.mx\/index.php?rest_route=%2Fwp%2Fv2%2Ftags&post=32626"}],"curies":[{"name":"wp","href":"https:\/\/api.w.org\/{rel}","templated":true}]}}