{"id":32629,"date":"2022-10-13T14:20:14","date_gmt":"2022-10-13T19:20:14","guid":{"rendered":"https:\/\/encuentroinformativo.com.mx\/?p=32629"},"modified":"2022-10-13T14:20:17","modified_gmt":"2022-10-13T19:20:17","slug":"celebrara-jarocho-su-20-aniversario-en-xalapa","status":"publish","type":"post","link":"https:\/\/encuentroinformativo.com.mx\/?p=32629","title":{"rendered":"Celebrar\u00e1 Jarocho su 20 aniversario en Xalapa"},"content":{"rendered":"\n<p><strong>Dar\u00edo Pale <\/strong><\/p>\n\n\n\n<p>Xalapa, Ver.- Antonio Lagunes \u00c1lvarez, Director General de Empresas UV y del Espect\u00e1culo Jarocho dio a conocer que el espect\u00e1culo regresa a casa para los festejos del 20 aniversario van a tener dos presentaciones en el Teatro del Estado los d\u00edas 2 y 3 de diciembre.<\/p>\n\n\n\n<p>En conferencia de prensa se\u00f1al\u00f3 que es un homenaje al son Jarocho rescatando esencia de su tradici\u00f3n y folclore, adem\u00e1s de que est\u00e1 a la altura de los mejores espect\u00e1culos del mundo.<\/p>\n\n\n\n<p>Jarocho \u201cRitmo, Pasi\u00f3n y Magia\u201d, regresa a casa, es un espect\u00e1culo mexicano y xalape\u00f1o, considerado un un fen\u00f3meno vivo que sigue evolucionando y gustando a la gente.<\/p>\n\n\n\n<p>\u201cNo ha cambiado nada, solamente nos hemos ajustado a la tecnolog\u00eda y ahora luce m\u00e1s, es m\u00e1s vistoso y tiene mejor sonido que se iguala a los de nivel mundial\u201d.<\/p>\n\n\n\n<p>Jarocho se ha convertido a lo largo de estos 20 a\u00f1os en una obra teatral, musical y danz\u00edstica con mayor calidad.<\/p>\n\n\n\n<p>Hay que recordar que Richard O\u2019Neal, director Fundador de Jarocho lleg\u00f3 a veracruz para buscar a los profesionales m\u00e1s destacados de Mexico en temas de m\u00fasica, danza, artes esc\u00e9nicas, para crear el espect\u00e1culo que hoy en d\u00eda es una obra que re\u00fane lo moderno y lo tradicional.<\/p>\n\n\n\n<p>La venta de boletos estar\u00e1n a la venta a partir de hoy a trav\u00e9s de Red acces, Pap\u00e1s belgas y\u00a0los precios son: Zona vip 950, Zona oro 750, Zona Plata 550.<\/p>\n\n\n\n<p>El espect\u00e1culo se llevar\u00e1 a cabo en diciembre los d\u00edas 2 y 3 en dos horarios 18:00 y 21:00 horas el primer d\u00eda y 17:00 y 20:00 horas el segundo d\u00eda.<\/p>\n\n\n\n<p>Por \u00faltimo dio a conocer que despu\u00e9s de culminar los festejos en Xalapa con esta producci\u00f3n, Jarocho realizar\u00e1 una gira el pr\u00f3ximo a\u00f1o a nivel nacional e internacional.<\/p>\n","protected":false},"excerpt":{"rendered":"<p>Dar\u00edo Pale Xalapa, Ver.- Antonio Lagunes \u00c1lvarez, Director General de Empresas UV y del Espect\u00e1culo Jarocho dio a conocer que el espect\u00e1culo regresa a casa para los festejos del 20 aniversario van a tener dos presentaciones en el Teatro del Estado los d\u00edas 2 y 3 de diciembre. En conferencia de prensa se\u00f1al\u00f3 que es [&hellip;]<\/p>\n","protected":false},"author":1,"featured_media":32630,"comment_status":"open","ping_status":"open","sticky":false,"template":"","format":"standard","meta":{"_jetpack_memberships_contains_paid_content":false,"footnotes":""},"categories":[3],"tags":[],"class_list":["post-32629","post","type-post","status-publish","format-standard","has-post-thumbnail","hentry","category-xalapa"],"jetpack_featured_media_url":"https:\/\/encuentroinformativo.com.mx\/wp-content\/uploads\/2022\/10\/3EA5DB7A-7FBA-4A5F-970D-43C214DBA9F6.jpeg","jetpack_sharing_enabled":true,"jetpack_likes_enabled":true,"amp_enabled":true,"_links":{"self":[{"href":"https:\/\/encuentroinformativo.com.mx\/index.php?rest_route=\/wp\/v2\/posts\/32629","targetHints":{"allow":["GET"]}}],"collection":[{"href":"https:\/\/encuentroinformativo.com.mx\/index.php?rest_route=\/wp\/v2\/posts"}],"about":[{"href":"https:\/\/encuentroinformativo.com.mx\/index.php?rest_route=\/wp\/v2\/types\/post"}],"author":[{"embeddable":true,"href":"https:\/\/encuentroinformativo.com.mx\/index.php?rest_route=\/wp\/v2\/users\/1"}],"replies":[{"embeddable":true,"href":"https:\/\/encuentroinformativo.com.mx\/index.php?rest_route=%2Fwp%2Fv2%2Fcomments&post=32629"}],"version-history":[{"count":1,"href":"https:\/\/encuentroinformativo.com.mx\/index.php?rest_route=\/wp\/v2\/posts\/32629\/revisions"}],"predecessor-version":[{"id":32631,"href":"https:\/\/encuentroinformativo.com.mx\/index.php?rest_route=\/wp\/v2\/posts\/32629\/revisions\/32631"}],"wp:featuredmedia":[{"embeddable":true,"href":"https:\/\/encuentroinformativo.com.mx\/index.php?rest_route=\/wp\/v2\/media\/32630"}],"wp:attachment":[{"href":"https:\/\/encuentroinformativo.com.mx\/index.php?rest_route=%2Fwp%2Fv2%2Fmedia&parent=32629"}],"wp:term":[{"taxonomy":"category","embeddable":true,"href":"https:\/\/encuentroinformativo.com.mx\/index.php?rest_route=%2Fwp%2Fv2%2Fcategories&post=32629"},{"taxonomy":"post_tag","embeddable":true,"href":"https:\/\/encuentroinformativo.com.mx\/index.php?rest_route=%2Fwp%2Fv2%2Ftags&post=32629"}],"curies":[{"name":"wp","href":"https:\/\/api.w.org\/{rel}","templated":true}]}}