{"id":3263,"date":"2020-06-11T15:07:59","date_gmt":"2020-06-11T20:07:59","guid":{"rendered":"https:\/\/encuentroinformativo.com\/?p=3263"},"modified":"2020-06-11T15:08:01","modified_gmt":"2020-06-11T20:08:01","slug":"habilita-sedena-instalaciones-para-atender-pacientes-con-covid","status":"publish","type":"post","link":"https:\/\/encuentroinformativo.com.mx\/?p=3263","title":{"rendered":"Habilita SEDENA instalaciones para atender pacientes con Covid"},"content":{"rendered":"\n<p><strong>Juan Arcos <\/strong><\/p>\n\n\n\n<p>Xalapa, Ver.- Las instalaciones del 83\/o Batall\u00f3n de Infanter\u00eda, con sede en La Boticar\u00eda del Puerto de Veracruz, fueron habilitadas para la hospitalizaci\u00f3n de pacientes con Covid-19.<\/p>\n\n\n\n<p>Lo anterior, como parte de las acciones del Plan DN-III-E para la atenci\u00f3n de la emergencia sanitaria.<\/p>\n\n\n\n<p>En un comunicado de la Secretar\u00eda de la Defensa Nacional (SEDENA), se detalla que se realiz\u00f3 la conversi\u00f3n de una habitaci\u00f3n en el mencionado batall\u00f3n, con una capacidad para 30 pacientes.<\/p>\n\n\n\n<p>Dicho espacio est\u00e1 equipado con los insumos y medicamentos necesarios, personal de m\u00e9dicos y enfermeras militares, as\u00ed como tambi\u00e9n, 24 profesionales de la salud que fueron contratados.<\/p>\n\n\n\n<p>La SEDENA menciona que con estas acciones se refuerza la capacidad de atenci\u00f3n m\u00e9dica de los pacientes contagiados por el SARS-COV-2.<\/p>\n\n\n\n<p>Tambi\u00e9n destaca que dicho esfuerzo permitir\u00e1 que el personal m\u00e9dico y de enfermer\u00eda pueda laborar en instalaciones sanitarias con el equipo y protecci\u00f3n adecuada, para brindan atenci\u00f3n a la poblaci\u00f3n civil.<\/p>\n\n\n\n<p>\u201cCon estas acciones la Secretar\u00eda de la Defensa Nacional refrenda su compromiso y responsabilidad de servir al pueblo de M\u00e9xico en cualquier condici\u00f3n y lugar, a fin de realizar actividades para a proteger la integridad f\u00edsica de la poblaci\u00f3n\u201d, se lee.<\/p>\n\n\n\n<p><\/p>\n","protected":false},"excerpt":{"rendered":"<p>Juan Arcos Xalapa, Ver.- Las instalaciones del 83\/o Batall\u00f3n de Infanter\u00eda, con sede en La Boticar\u00eda del Puerto de Veracruz, fueron habilitadas para la hospitalizaci\u00f3n de pacientes con Covid-19. Lo anterior, como parte de las acciones del Plan DN-III-E para la atenci\u00f3n de la emergencia sanitaria. En un comunicado de la Secretar\u00eda de la Defensa [&hellip;]<\/p>\n","protected":false},"author":1,"featured_media":3264,"comment_status":"open","ping_status":"open","sticky":false,"template":"","format":"standard","meta":{"_jetpack_memberships_contains_paid_content":false,"footnotes":""},"categories":[2],"tags":[],"class_list":["post-3263","post","type-post","status-publish","format-standard","has-post-thumbnail","hentry","category-estado"],"jetpack_featured_media_url":"https:\/\/encuentroinformativo.com.mx\/wp-content\/uploads\/2020\/06\/3C083413-A8A5-45DA-A59F-AE2F0474092D.jpeg","jetpack_sharing_enabled":true,"jetpack_likes_enabled":true,"amp_enabled":true,"_links":{"self":[{"href":"https:\/\/encuentroinformativo.com.mx\/index.php?rest_route=\/wp\/v2\/posts\/3263","targetHints":{"allow":["GET"]}}],"collection":[{"href":"https:\/\/encuentroinformativo.com.mx\/index.php?rest_route=\/wp\/v2\/posts"}],"about":[{"href":"https:\/\/encuentroinformativo.com.mx\/index.php?rest_route=\/wp\/v2\/types\/post"}],"author":[{"embeddable":true,"href":"https:\/\/encuentroinformativo.com.mx\/index.php?rest_route=\/wp\/v2\/users\/1"}],"replies":[{"embeddable":true,"href":"https:\/\/encuentroinformativo.com.mx\/index.php?rest_route=%2Fwp%2Fv2%2Fcomments&post=3263"}],"version-history":[{"count":1,"href":"https:\/\/encuentroinformativo.com.mx\/index.php?rest_route=\/wp\/v2\/posts\/3263\/revisions"}],"predecessor-version":[{"id":3265,"href":"https:\/\/encuentroinformativo.com.mx\/index.php?rest_route=\/wp\/v2\/posts\/3263\/revisions\/3265"}],"wp:featuredmedia":[{"embeddable":true,"href":"https:\/\/encuentroinformativo.com.mx\/index.php?rest_route=\/wp\/v2\/media\/3264"}],"wp:attachment":[{"href":"https:\/\/encuentroinformativo.com.mx\/index.php?rest_route=%2Fwp%2Fv2%2Fmedia&parent=3263"}],"wp:term":[{"taxonomy":"category","embeddable":true,"href":"https:\/\/encuentroinformativo.com.mx\/index.php?rest_route=%2Fwp%2Fv2%2Fcategories&post=3263"},{"taxonomy":"post_tag","embeddable":true,"href":"https:\/\/encuentroinformativo.com.mx\/index.php?rest_route=%2Fwp%2Fv2%2Ftags&post=3263"}],"curies":[{"name":"wp","href":"https:\/\/api.w.org\/{rel}","templated":true}]}}