{"id":32638,"date":"2022-10-13T15:16:20","date_gmt":"2022-10-13T20:16:20","guid":{"rendered":"https:\/\/encuentroinformativo.com.mx\/?p=32638"},"modified":"2022-10-13T15:16:23","modified_gmt":"2022-10-13T20:16:23","slug":"pide-cuitlahuac-no-generalizar-actuacion-de-policias","status":"publish","type":"post","link":"https:\/\/encuentroinformativo.com.mx\/?p=32638","title":{"rendered":"Pide Cuitl\u00e1huac no generalizar actuaci\u00f3n de polic\u00edas"},"content":{"rendered":"\n<p><strong>Dar\u00edo Pale<\/strong><\/p>\n\n\n\n<p>Xalapa, Ver.- Por unos cuantos elementos no vamos a arrastrar a una corporaci\u00f3n que pretendemos limpiar, como lo es la Secretar\u00eda de Seguridad P\u00fablica (SSP), esa fue la respuesta del gobernador del estado Cuitl\u00e1huac Garc\u00eda Jim\u00e9nez sobre el caso de la detenci\u00f3n de Alan &#8220;N&#8221;.<\/p>\n\n\n\n<p>En conferencia de prensa dio a conocer que se iniciar\u00e1 una investigaci\u00f3n interna en la SSP luego de la detenci\u00f3n de Alan &#8220;N&#8221;, quien fung\u00eda hasta anoche como subdirector operativo de la Academia Regional de Seguridad P\u00fablica del Sureste.<\/p>\n\n\n\n<p>Anunci\u00f3 que tambi\u00e9n se aplicar\u00e1 un procedimiento administrativo de sanci\u00f3n contra el elemento quien hasta el 17 de agosto se hab\u00eda desempe\u00f1ado como director Operativo de la SSP.<\/p>\n\n\n\n<p>El Ejecutivo se\u00f1al\u00f3 que el elemento falt\u00f3 a los principios que rigen a la dependencia y por no acatar los reiterados llamados a un comportamiento honesto y de apego a los protocolos.<\/p>\n\n\n\n<p>&#8220;Adem\u00e1s de lo anterior, instru\u00ed para que se colabore en todo lo requerido por la Fiscal\u00eda General del Estado a fin de esclarecer y dar con los responsables del hecho que se le atribuye en presunci\u00f3n de la comisi\u00f3n de un delito grave contra otro elemento de Seguridad P\u00fablica&#8221;, se\u00f1al\u00f3.<\/p>\n\n\n\n<p>&#8220;Lo reitero, por unos cuantos elementos que desatienden las instrucciones no vamos a arrastrar a una corporaci\u00f3n que pretendemos limpiar y vamos a continuar insistiendo: la corrupci\u00f3n se combate de arriba hacia abajo y llegaremos al fondo. Que no quepa la menor duda&#8221;, agreg\u00f3.<\/p>\n","protected":false},"excerpt":{"rendered":"<p>Dar\u00edo Pale Xalapa, Ver.- Por unos cuantos elementos no vamos a arrastrar a una corporaci\u00f3n que pretendemos limpiar, como lo es la Secretar\u00eda de Seguridad P\u00fablica (SSP), esa fue la respuesta del gobernador del estado Cuitl\u00e1huac Garc\u00eda Jim\u00e9nez sobre el caso de la detenci\u00f3n de Alan &#8220;N&#8221;. En conferencia de prensa dio a conocer que [&hellip;]<\/p>\n","protected":false},"author":1,"featured_media":32639,"comment_status":"open","ping_status":"open","sticky":false,"template":"","format":"standard","meta":{"_jetpack_memberships_contains_paid_content":false,"footnotes":""},"categories":[2],"tags":[],"class_list":["post-32638","post","type-post","status-publish","format-standard","has-post-thumbnail","hentry","category-estado"],"jetpack_featured_media_url":"https:\/\/encuentroinformativo.com.mx\/wp-content\/uploads\/2022\/10\/C3AB7D74-7731-439F-B962-E154C795DD23.jpeg","jetpack_sharing_enabled":true,"jetpack_likes_enabled":true,"amp_enabled":true,"_links":{"self":[{"href":"https:\/\/encuentroinformativo.com.mx\/index.php?rest_route=\/wp\/v2\/posts\/32638","targetHints":{"allow":["GET"]}}],"collection":[{"href":"https:\/\/encuentroinformativo.com.mx\/index.php?rest_route=\/wp\/v2\/posts"}],"about":[{"href":"https:\/\/encuentroinformativo.com.mx\/index.php?rest_route=\/wp\/v2\/types\/post"}],"author":[{"embeddable":true,"href":"https:\/\/encuentroinformativo.com.mx\/index.php?rest_route=\/wp\/v2\/users\/1"}],"replies":[{"embeddable":true,"href":"https:\/\/encuentroinformativo.com.mx\/index.php?rest_route=%2Fwp%2Fv2%2Fcomments&post=32638"}],"version-history":[{"count":1,"href":"https:\/\/encuentroinformativo.com.mx\/index.php?rest_route=\/wp\/v2\/posts\/32638\/revisions"}],"predecessor-version":[{"id":32640,"href":"https:\/\/encuentroinformativo.com.mx\/index.php?rest_route=\/wp\/v2\/posts\/32638\/revisions\/32640"}],"wp:featuredmedia":[{"embeddable":true,"href":"https:\/\/encuentroinformativo.com.mx\/index.php?rest_route=\/wp\/v2\/media\/32639"}],"wp:attachment":[{"href":"https:\/\/encuentroinformativo.com.mx\/index.php?rest_route=%2Fwp%2Fv2%2Fmedia&parent=32638"}],"wp:term":[{"taxonomy":"category","embeddable":true,"href":"https:\/\/encuentroinformativo.com.mx\/index.php?rest_route=%2Fwp%2Fv2%2Fcategories&post=32638"},{"taxonomy":"post_tag","embeddable":true,"href":"https:\/\/encuentroinformativo.com.mx\/index.php?rest_route=%2Fwp%2Fv2%2Ftags&post=32638"}],"curies":[{"name":"wp","href":"https:\/\/api.w.org\/{rel}","templated":true}]}}