{"id":32652,"date":"2022-10-14T09:51:53","date_gmt":"2022-10-14T14:51:53","guid":{"rendered":"https:\/\/encuentroinformativo.com.mx\/?p=32652"},"modified":"2022-10-14T09:51:58","modified_gmt":"2022-10-14T14:51:58","slug":"mantiene-aquarium-pronostico-reservado-sobre-delfin-rescatado-en-alvarado","status":"publish","type":"post","link":"https:\/\/encuentroinformativo.com.mx\/?p=32652","title":{"rendered":"Mantiene Aquarium &#8220;pron\u00f3stico reservado&#8221; sobre delf\u00edn rescatado en Alvarado"},"content":{"rendered":"\n<p><strong>Alejandro \u00c1vila<\/strong><\/p>\n\n\n\n<p>Veracruz, Ver.- El pron\u00f3stico del delf\u00edn rescatado la tarde de este jueves en playas de la llamada &#8220;Riviera Veracruzana&#8221; en el municipio de Alvarado se mantiene reservado, inform\u00f3 el Aquarium del Puerto de Veracruz.<\/p>\n\n\n\n<p>Cabe recordar que, la tarde de este jueves ciudadanos en el municipio de Alvarado dieron conocimiento a Protecci\u00f3n Civil sobre el avistamiento de un delf\u00edn varado en las playas, por lo que se solicit\u00f3 el apoyo del Parque Arrecifal Veracruzano y se traslad\u00f3 al cet\u00e1ceo al Aquarium del Puerto de Veracruz.<\/p>\n\n\n\n<p>El Procurador de Medio Ambiente, Sergio Rodr\u00edguez Cort\u00e9s report\u00f3 que el mam\u00edfero marino -de la especie Peponocephala Electra-, conocido com\u00fanmente como Delf\u00edn Cabeza de Calabaza o Mel\u00f3n, se mantiene nadando y ha ingeridos alimentos con normalidad, pero se le realizan estudios a fondo para conocer el estado de salud en el que se encuentra.<\/p>\n\n\n\n<p>De acuerdo a los primeros estudios practicados en las instalaciones del Aquarium, el animal presenta posibles afectaciones por golpes internos, pero se realizan esfuerzos para lograr estabilizar su condici\u00f3n de salud.<\/p>\n\n\n\n<p>\u201cA trav\u00e9s de personal especializado le ofrecimos tres pescados y los consumi\u00f3 con un medicamento debido a que ten\u00eda un sangrado g\u00e1strico. Ya se le hizo un sondeo e hidrataci\u00f3n y fue lo que sali\u00f3 de la sonda. Defec\u00f3 bien y pues seguiremos observ\u00e1ndolo muy de cerca\u201d.<\/p>\n\n\n\n<p>Finalmente, el funcionario coment\u00f3 que se mont\u00f3 una guardia permanente para monitorear el proceso de salud del mam\u00edfero marino.<\/p>\n","protected":false},"excerpt":{"rendered":"<p>Alejandro \u00c1vila Veracruz, Ver.- El pron\u00f3stico del delf\u00edn rescatado la tarde de este jueves en playas de la llamada &#8220;Riviera Veracruzana&#8221; en el municipio de Alvarado se mantiene reservado, inform\u00f3 el Aquarium del Puerto de Veracruz. Cabe recordar que, la tarde de este jueves ciudadanos en el municipio de Alvarado dieron conocimiento a Protecci\u00f3n Civil [&hellip;]<\/p>\n","protected":false},"author":1,"featured_media":32653,"comment_status":"open","ping_status":"open","sticky":false,"template":"","format":"standard","meta":{"_jetpack_memberships_contains_paid_content":false,"footnotes":""},"categories":[2],"tags":[],"class_list":["post-32652","post","type-post","status-publish","format-standard","has-post-thumbnail","hentry","category-estado"],"jetpack_featured_media_url":"https:\/\/encuentroinformativo.com.mx\/wp-content\/uploads\/2022\/10\/8F651C16-828F-4ABF-BC5E-FE3828E6A456.jpeg","jetpack_sharing_enabled":true,"jetpack_likes_enabled":true,"amp_enabled":true,"_links":{"self":[{"href":"https:\/\/encuentroinformativo.com.mx\/index.php?rest_route=\/wp\/v2\/posts\/32652","targetHints":{"allow":["GET"]}}],"collection":[{"href":"https:\/\/encuentroinformativo.com.mx\/index.php?rest_route=\/wp\/v2\/posts"}],"about":[{"href":"https:\/\/encuentroinformativo.com.mx\/index.php?rest_route=\/wp\/v2\/types\/post"}],"author":[{"embeddable":true,"href":"https:\/\/encuentroinformativo.com.mx\/index.php?rest_route=\/wp\/v2\/users\/1"}],"replies":[{"embeddable":true,"href":"https:\/\/encuentroinformativo.com.mx\/index.php?rest_route=%2Fwp%2Fv2%2Fcomments&post=32652"}],"version-history":[{"count":1,"href":"https:\/\/encuentroinformativo.com.mx\/index.php?rest_route=\/wp\/v2\/posts\/32652\/revisions"}],"predecessor-version":[{"id":32654,"href":"https:\/\/encuentroinformativo.com.mx\/index.php?rest_route=\/wp\/v2\/posts\/32652\/revisions\/32654"}],"wp:featuredmedia":[{"embeddable":true,"href":"https:\/\/encuentroinformativo.com.mx\/index.php?rest_route=\/wp\/v2\/media\/32653"}],"wp:attachment":[{"href":"https:\/\/encuentroinformativo.com.mx\/index.php?rest_route=%2Fwp%2Fv2%2Fmedia&parent=32652"}],"wp:term":[{"taxonomy":"category","embeddable":true,"href":"https:\/\/encuentroinformativo.com.mx\/index.php?rest_route=%2Fwp%2Fv2%2Fcategories&post=32652"},{"taxonomy":"post_tag","embeddable":true,"href":"https:\/\/encuentroinformativo.com.mx\/index.php?rest_route=%2Fwp%2Fv2%2Ftags&post=32652"}],"curies":[{"name":"wp","href":"https:\/\/api.w.org\/{rel}","templated":true}]}}