{"id":32658,"date":"2022-10-14T10:04:50","date_gmt":"2022-10-14T15:04:50","guid":{"rendered":"https:\/\/encuentroinformativo.com.mx\/?p=32658"},"modified":"2022-10-14T10:04:53","modified_gmt":"2022-10-14T15:04:53","slug":"expulsan-a-alumno-de-humanidades-que-porto-armas","status":"publish","type":"post","link":"https:\/\/encuentroinformativo.com.mx\/?p=32658","title":{"rendered":"Expulsan a alumno de Humanidades que port\u00f3 armas"},"content":{"rendered":"\n<p><strong>Dar\u00edo Pale<\/strong><\/p>\n\n\n\n<p>Xalapa, Ver.- Despu\u00e9s de que el d\u00eda de ayer estudiantes de diferentes facultades realizar\u00e1n una marcha, este viernes el rector de la Universidad Veracruzana, Mart\u00edn Aguilar S\u00e1nchez dio a conocer que expulsan al estudiante de Antropolog\u00eda, al igual que reconoci\u00f3 que tiene otras demandas que estar\u00e1 atendiendo.<\/p>\n\n\n\n<p>Dio a conocer que tras un an\u00e1lisis de los hechos, la Junta Acad\u00e9mica de la facultad de Antropolog\u00eda decidi\u00f3 expulsar al estudiante Daniel Roche, luego de haber incurrido en actos de violencia dentro de la Unidad de Humanidades.<\/p>\n\n\n\n<p>A trav\u00e9s de un mensaje, reconoci\u00f3 la participaci\u00f3n y el orden de la marcha que se llev\u00f3 a cabo este 13 de octubre en Xalapa, lo cual es una muestra de la libertad de expresi\u00f3n de las y los universitarios por el inter\u00e9s que tienen porque el respeto a los Derechos Humanos sea primordial en la Universidad.<\/p>\n\n\n\n<p>Se\u00f1al\u00f3 que los hechos ocurridos el pasado 10 de octubre en la Unidad de Humanidades, cuando estudiantes de Antropolog\u00eda colocaron un tendedero de denuncias por acoso por parte de maestros alumnos y alumnas.<\/p>\n\n\n\n<p>Asimismo, indic\u00f3 que motivado de la aparici\u00f3n del nombre de Daniel Roche, se molest\u00f3 y tir\u00f3 el tendedero, adem\u00e1s de que realiz\u00f3 actos de violencia contra otro estudiante.<\/p>\n\n\n\n<p>&#8220;Debido al anterior el 11 de octubre se convoc\u00f3 a sesi\u00f3n extraordinaria de Junta Acad\u00e9mica de la facultad de Antropolog\u00eda, no obstante, dicha sesi\u00f3n entr\u00f3 en un receso en aras de tutelar el debido proceso&#8221; coment\u00f3.<\/p>\n\n\n\n<p>&#8220;Agotadas las diligencias de notificaci\u00f3n correspondientes, la sesi\u00f3n de la Junta Acad\u00e9mica se reanud\u00f3 a las 10 horas y previa recepci\u00f3n y an\u00e1lisis de los elementos de prueba presentados por los estudiantes involucrados, el Pleno de la Junta determin\u00f3 aplicar la sanci\u00f3n consistente en la expulsi\u00f3n del alumno de la facultad de Antropolog\u00eda&#8221;, agreg\u00f3.<\/p>\n\n\n\n<p>Aguilar S\u00e1nchez afirm\u00f3 que con ello se evidencia que en la UV hay responsabilidad de proceder conforme a Derecho, porque no se tolerar\u00e1 la violencia sus distintas manifestaciones.<\/p>\n\n\n\n<p>El Rector reconoci\u00f3 que los estudiantes que marcharon tienen otras demandas, mismas que han estado atendiendo y seguir\u00e1n atendiendo mediante el di\u00e1logo en estos d\u00edas.<\/p>\n\n\n\n<p>Sostuvo que su administraci\u00f3n ha se\u00f1alado que las y los estudiantes son el centro de su programa de trabajo, por lo que les env\u00edo un mensaje dici\u00e9ndoles que trabajar\u00e1n con puntualidad sus peticiones.<\/p>\n\n\n\n<p>Finalmente cabe hacer menci\u00f3n que la noche de este jueves trascendi\u00f3 la versi\u00f3n de la renuncia de la secretaria Acad\u00e9mica, Elena Rustri\u00e1n Portilla, no se sabe si est\u00e1 relacionado con la inconformidad de los estudiantes, pero sobre todo, porque hab\u00eda venido teniendo desencuentros con algunos acad\u00e9micos por su forma de trabajar.<\/p>\n","protected":false},"excerpt":{"rendered":"<p>Dar\u00edo Pale Xalapa, Ver.- Despu\u00e9s de que el d\u00eda de ayer estudiantes de diferentes facultades realizar\u00e1n una marcha, este viernes el rector de la Universidad Veracruzana, Mart\u00edn Aguilar S\u00e1nchez dio a conocer que expulsan al estudiante de Antropolog\u00eda, al igual que reconoci\u00f3 que tiene otras demandas que estar\u00e1 atendiendo. Dio a conocer que tras un [&hellip;]<\/p>\n","protected":false},"author":1,"featured_media":32659,"comment_status":"open","ping_status":"open","sticky":false,"template":"","format":"standard","meta":{"_jetpack_memberships_contains_paid_content":false,"footnotes":""},"categories":[2],"tags":[],"class_list":["post-32658","post","type-post","status-publish","format-standard","has-post-thumbnail","hentry","category-estado"],"jetpack_featured_media_url":"https:\/\/encuentroinformativo.com.mx\/wp-content\/uploads\/2022\/10\/1D968144-D11C-469F-96AC-084CA5782522.jpeg","jetpack_sharing_enabled":true,"jetpack_likes_enabled":true,"amp_enabled":true,"_links":{"self":[{"href":"https:\/\/encuentroinformativo.com.mx\/index.php?rest_route=\/wp\/v2\/posts\/32658","targetHints":{"allow":["GET"]}}],"collection":[{"href":"https:\/\/encuentroinformativo.com.mx\/index.php?rest_route=\/wp\/v2\/posts"}],"about":[{"href":"https:\/\/encuentroinformativo.com.mx\/index.php?rest_route=\/wp\/v2\/types\/post"}],"author":[{"embeddable":true,"href":"https:\/\/encuentroinformativo.com.mx\/index.php?rest_route=\/wp\/v2\/users\/1"}],"replies":[{"embeddable":true,"href":"https:\/\/encuentroinformativo.com.mx\/index.php?rest_route=%2Fwp%2Fv2%2Fcomments&post=32658"}],"version-history":[{"count":1,"href":"https:\/\/encuentroinformativo.com.mx\/index.php?rest_route=\/wp\/v2\/posts\/32658\/revisions"}],"predecessor-version":[{"id":32660,"href":"https:\/\/encuentroinformativo.com.mx\/index.php?rest_route=\/wp\/v2\/posts\/32658\/revisions\/32660"}],"wp:featuredmedia":[{"embeddable":true,"href":"https:\/\/encuentroinformativo.com.mx\/index.php?rest_route=\/wp\/v2\/media\/32659"}],"wp:attachment":[{"href":"https:\/\/encuentroinformativo.com.mx\/index.php?rest_route=%2Fwp%2Fv2%2Fmedia&parent=32658"}],"wp:term":[{"taxonomy":"category","embeddable":true,"href":"https:\/\/encuentroinformativo.com.mx\/index.php?rest_route=%2Fwp%2Fv2%2Fcategories&post=32658"},{"taxonomy":"post_tag","embeddable":true,"href":"https:\/\/encuentroinformativo.com.mx\/index.php?rest_route=%2Fwp%2Fv2%2Ftags&post=32658"}],"curies":[{"name":"wp","href":"https:\/\/api.w.org\/{rel}","templated":true}]}}