{"id":32668,"date":"2022-10-14T12:18:29","date_gmt":"2022-10-14T17:18:29","guid":{"rendered":"https:\/\/encuentroinformativo.com.mx\/?p=32668"},"modified":"2022-10-14T12:18:32","modified_gmt":"2022-10-14T17:18:32","slug":"en-libertad-policias-acusados-de-robo-en-la-esperanza","status":"publish","type":"post","link":"https:\/\/encuentroinformativo.com.mx\/?p=32668","title":{"rendered":"En libertad polic\u00edas acusados de robo en La Esperanza"},"content":{"rendered":"\n<p><strong>Dar\u00edo Pale<\/strong><\/p>\n\n\n\n<p>Xalapa, Ver.- Los elementos de la Secretar\u00eda de Seguridad P\u00fablica (SSP), quedaron en libertad despu\u00e9s de que hab\u00edan sido se\u00f1alados de robo en La Esperanza, gracias a que se comprob\u00f3 su inocencia y que solo estaban realizando su trabajo.<\/p>\n\n\n\n<p>El abogado defensor de los polic\u00edas, Arturo Salazar, explic\u00f3 que la falta de coordinaci\u00f3n con la Guardia Nacional hizo parecer que los polic\u00edas robaban cuando en realidad estaban acordonando la zona.<\/p>\n\n\n\n<p>Record\u00f3 que hace unos d\u00edas se firm\u00f3 un convenio de colaboraci\u00f3n entre los gobiernos de Puebla y Veracruz para permitir que las polic\u00edas estatales de ambas entidades pudieran vigilar desde Maltrata hasta Ciudad Cerd\u00e1n.<\/p>\n\n\n\n<p>Explic\u00f3 que el d\u00eda de los hechos, fue reportado que un cami\u00f3n de mercanc\u00eda diversa estaba siendo v\u00edctima de rapi\u00f1a por parte de pobladores del municipio de La Esperanza, del lado de Puebla.<\/p>\n\n\n\n<p>Al llegar al sitio, los elementos de la Polic\u00eda Estatal de Veracruz, encontr\u00f3 a sus pares de Puebla y de inmediato los apoyaron a acordonar y a detener algunos de los lugare\u00f1os.<\/p>\n\n\n\n<p>Esto provoc\u00f3 el enojo de los pobladores quienes s\u00ed estaban haciendo rapi\u00f1a y solicitaron el respaldo de la Guardia Nacional, pero al llegar los acusaron de estar robando la mercanc\u00eda.<\/p>\n\n\n\n<p>Por ello, durante la audiencia ante un Juez de Control en el estado de Puebla se demostr\u00f3 que no hab\u00eda ninguna prueba que demostrara la culpabilidad de los uniformados de Veracruz ni de la vecina entidad.<\/p>\n\n\n\n<p>De esta manera qued\u00f3 evidenciado que no existe la coordinaci\u00f3n que tanto se presume en los discursos, ya que el arresto se hizo con base en una acusaci\u00f3n de personas, hacia los polic\u00edas que s\u00f3lo hac\u00edan su trabajo y de paso ya los dejaron sin su fuente de ingresos.<\/p>\n\n\n\n<p>Cabe recordar que apenas este jueves el gobernador Cuitl\u00e1huac Garc\u00eda Jim\u00e9nez hab\u00eda informado que gir\u00f3 instrucciones al titular de la dependencia, Hugo Guti\u00e9rrez Maldonado, para suspender a los elementos se\u00f1alados por robo de mercanc\u00eda al transporte de carga.<\/p>\n","protected":false},"excerpt":{"rendered":"<p>Dar\u00edo Pale Xalapa, Ver.- Los elementos de la Secretar\u00eda de Seguridad P\u00fablica (SSP), quedaron en libertad despu\u00e9s de que hab\u00edan sido se\u00f1alados de robo en La Esperanza, gracias a que se comprob\u00f3 su inocencia y que solo estaban realizando su trabajo. El abogado defensor de los polic\u00edas, Arturo Salazar, explic\u00f3 que la falta de coordinaci\u00f3n [&hellip;]<\/p>\n","protected":false},"author":1,"featured_media":32669,"comment_status":"open","ping_status":"open","sticky":false,"template":"","format":"standard","meta":{"_jetpack_memberships_contains_paid_content":false,"footnotes":""},"categories":[14],"tags":[],"class_list":["post-32668","post","type-post","status-publish","format-standard","has-post-thumbnail","hentry","category-policiaca"],"jetpack_featured_media_url":"https:\/\/encuentroinformativo.com.mx\/wp-content\/uploads\/2022\/10\/0B7ABF11-172A-41FB-962D-551177476711.jpeg","jetpack_sharing_enabled":true,"jetpack_likes_enabled":true,"amp_enabled":true,"_links":{"self":[{"href":"https:\/\/encuentroinformativo.com.mx\/index.php?rest_route=\/wp\/v2\/posts\/32668","targetHints":{"allow":["GET"]}}],"collection":[{"href":"https:\/\/encuentroinformativo.com.mx\/index.php?rest_route=\/wp\/v2\/posts"}],"about":[{"href":"https:\/\/encuentroinformativo.com.mx\/index.php?rest_route=\/wp\/v2\/types\/post"}],"author":[{"embeddable":true,"href":"https:\/\/encuentroinformativo.com.mx\/index.php?rest_route=\/wp\/v2\/users\/1"}],"replies":[{"embeddable":true,"href":"https:\/\/encuentroinformativo.com.mx\/index.php?rest_route=%2Fwp%2Fv2%2Fcomments&post=32668"}],"version-history":[{"count":1,"href":"https:\/\/encuentroinformativo.com.mx\/index.php?rest_route=\/wp\/v2\/posts\/32668\/revisions"}],"predecessor-version":[{"id":32670,"href":"https:\/\/encuentroinformativo.com.mx\/index.php?rest_route=\/wp\/v2\/posts\/32668\/revisions\/32670"}],"wp:featuredmedia":[{"embeddable":true,"href":"https:\/\/encuentroinformativo.com.mx\/index.php?rest_route=\/wp\/v2\/media\/32669"}],"wp:attachment":[{"href":"https:\/\/encuentroinformativo.com.mx\/index.php?rest_route=%2Fwp%2Fv2%2Fmedia&parent=32668"}],"wp:term":[{"taxonomy":"category","embeddable":true,"href":"https:\/\/encuentroinformativo.com.mx\/index.php?rest_route=%2Fwp%2Fv2%2Fcategories&post=32668"},{"taxonomy":"post_tag","embeddable":true,"href":"https:\/\/encuentroinformativo.com.mx\/index.php?rest_route=%2Fwp%2Fv2%2Ftags&post=32668"}],"curies":[{"name":"wp","href":"https:\/\/api.w.org\/{rel}","templated":true}]}}