{"id":32687,"date":"2022-10-14T16:42:16","date_gmt":"2022-10-14T21:42:16","guid":{"rendered":"https:\/\/encuentroinformativo.com.mx\/?p=32687"},"modified":"2022-10-15T11:50:59","modified_gmt":"2022-10-15T16:50:59","slug":"invitan-a-charla-mujeres-por-el-bienestar-canero","status":"publish","type":"post","link":"https:\/\/encuentroinformativo.com.mx\/?p=32687","title":{"rendered":"Invitan a charla \u201cMujeres por el Bienestar Ca\u00f1ero\u201d"},"content":{"rendered":"\n<p><strong>Redacci\u00f3n<\/strong><\/p>\n\n\n\n<p>Xalapa, Ver.- La organizaci\u00f3n Ca\u00f1eros Produciendo por M\u00e9xico, invita a la pl\u00e1tica \u201cMujeres por el Bienestar Ca\u00f1ero\u201d que ser\u00e1 impartida por la Doctora Estela Cessa Flores.<\/p>\n\n\n\n<p>As\u00ed lo dio a conocer Guillermina Fern\u00e1ndez Arroyo, contadora de dicha organizaci\u00f3n ca\u00f1era, quien coment\u00f3 que la charla se realizar\u00e1 de manera virtual este s\u00e1bado 15 de octubre a las 11:00 horas por lo que externo la invitaci\u00f3n al p\u00fablico en general y en especial a las mujeres vinculadas con el sector ca\u00f1ero.<\/p>\n\n\n\n<p>\u201cInvitamos a todo el p\u00fablico en general y por supuesto a las mujeres relacionadas con el sector ca\u00f1ero para que participen de esta pl\u00e1tica; nuestro l\u00edder nacional German Corro Galo est\u00e1 interesado en promover e impulsar todo tipo de actividades que contribuyan a fortalecer al gremio ca\u00f1ero y en este caso a las mujeres ca\u00f1eras para que conozcan m\u00e1s de este gremio\u201d, enfatiz\u00f3.<\/p>\n\n\n\n<p>La ponente Estela Cessa Flores, es Doctora en Ciencias Agrarias por la Universidad Aut\u00f3noma de Chapingo; cuenta con maestr\u00eda en Ciencias en Sociolog\u00eda Rural por la Universidad Aut\u00f3noma de Chapingo y es Ingeniera en Sistemas de Producci\u00f3n Agropecuaria por la Universidad Veracruzana.<\/p>\n\n\n\n<p>Ha sido socia y fundadora de diferentes empresas agropecuarias en la regi\u00f3n de Huatusco, en 2017 con un grupo de productores y especialistas han fundado la Unidad de Gestor\u00eda, Capacitaci\u00f3n y Vinculaci\u00f3n para el Desarrollo Agroalimentario de M\u00e9xico (AGROALIMEX).<\/p>\n\n\n\n<p>Es autora del Proyecto de Norma Mexicana para el Piloncillo, realizado como estudiante de la Universidad Veracruzana que sirvi\u00f3 de base a la consolidaci\u00f3n de la NMX-F-596-SCFI-2016, entre otros.<\/p>\n\n\n\n<p>Actualmente es comisionada para Veracruz del Programa de Apoyo a N\u00facleos Agrarios sin regularizar (FANAR) del Registro Agrario Nacional (RAN) en colaboraci\u00f3n con el Instituto Interamericano de Cooperaci\u00f3n para la Agricultura IICA.<\/p>\n\n\n\n<p>La pl\u00e1tica se efectuar\u00e1 a trav\u00e9s de Google Meet mediante el siguiente enlace:       https:\/\/meet.google.com\/utg-fznp-jbq<\/p>\n","protected":false},"excerpt":{"rendered":"<p>Redacci\u00f3n Xalapa, Ver.- La organizaci\u00f3n Ca\u00f1eros Produciendo por M\u00e9xico, invita a la pl\u00e1tica \u201cMujeres por el Bienestar Ca\u00f1ero\u201d que ser\u00e1 impartida por la Doctora Estela Cessa Flores. As\u00ed lo dio a conocer Guillermina Fern\u00e1ndez Arroyo, contadora de dicha organizaci\u00f3n ca\u00f1era, quien coment\u00f3 que la charla se realizar\u00e1 de manera virtual este s\u00e1bado 15 de octubre [&hellip;]<\/p>\n","protected":false},"author":1,"featured_media":30105,"comment_status":"open","ping_status":"open","sticky":false,"template":"","format":"standard","meta":{"_jetpack_memberships_contains_paid_content":false,"footnotes":""},"categories":[2],"tags":[],"class_list":["post-32687","post","type-post","status-publish","format-standard","has-post-thumbnail","hentry","category-estado"],"jetpack_featured_media_url":"https:\/\/encuentroinformativo.com.mx\/wp-content\/uploads\/2022\/08\/CDFD58AF-861A-4DB9-BC1C-A9CDD019A9FF.jpeg","jetpack_sharing_enabled":true,"jetpack_likes_enabled":true,"amp_enabled":true,"_links":{"self":[{"href":"https:\/\/encuentroinformativo.com.mx\/index.php?rest_route=\/wp\/v2\/posts\/32687","targetHints":{"allow":["GET"]}}],"collection":[{"href":"https:\/\/encuentroinformativo.com.mx\/index.php?rest_route=\/wp\/v2\/posts"}],"about":[{"href":"https:\/\/encuentroinformativo.com.mx\/index.php?rest_route=\/wp\/v2\/types\/post"}],"author":[{"embeddable":true,"href":"https:\/\/encuentroinformativo.com.mx\/index.php?rest_route=\/wp\/v2\/users\/1"}],"replies":[{"embeddable":true,"href":"https:\/\/encuentroinformativo.com.mx\/index.php?rest_route=%2Fwp%2Fv2%2Fcomments&post=32687"}],"version-history":[{"count":1,"href":"https:\/\/encuentroinformativo.com.mx\/index.php?rest_route=\/wp\/v2\/posts\/32687\/revisions"}],"predecessor-version":[{"id":32688,"href":"https:\/\/encuentroinformativo.com.mx\/index.php?rest_route=\/wp\/v2\/posts\/32687\/revisions\/32688"}],"wp:featuredmedia":[{"embeddable":true,"href":"https:\/\/encuentroinformativo.com.mx\/index.php?rest_route=\/wp\/v2\/media\/30105"}],"wp:attachment":[{"href":"https:\/\/encuentroinformativo.com.mx\/index.php?rest_route=%2Fwp%2Fv2%2Fmedia&parent=32687"}],"wp:term":[{"taxonomy":"category","embeddable":true,"href":"https:\/\/encuentroinformativo.com.mx\/index.php?rest_route=%2Fwp%2Fv2%2Fcategories&post=32687"},{"taxonomy":"post_tag","embeddable":true,"href":"https:\/\/encuentroinformativo.com.mx\/index.php?rest_route=%2Fwp%2Fv2%2Ftags&post=32687"}],"curies":[{"name":"wp","href":"https:\/\/api.w.org\/{rel}","templated":true}]}}