{"id":32713,"date":"2022-10-16T15:40:21","date_gmt":"2022-10-16T20:40:21","guid":{"rendered":"https:\/\/encuentroinformativo.com.mx\/?p=32713"},"modified":"2022-10-16T15:40:26","modified_gmt":"2022-10-16T20:40:26","slug":"pescadores-en-crisis-afectados-por-tormentas","status":"publish","type":"post","link":"https:\/\/encuentroinformativo.com.mx\/?p=32713","title":{"rendered":"Pescadores en crisis; afectados por tormentas"},"content":{"rendered":"\n<p><strong>Juan Arcos<\/strong><\/p>\n\n\n\n<p>Veracruz, Ver.- Pescadores del puerto de Veracruz no han podido laborar desde hace 15 d\u00edas por las condiciones clim\u00e1ticas que han predominado durante las \u00faltimas semanas.<\/p>\n\n\n\n<p>Los trabajadores se han visto afectados econ\u00f3micamente al dejar de percibir ingresos, pues deben permanecer alerta y evitar la navegaci\u00f3n para prevenir accidentes.<\/p>\n\n\n\n<p>De acuerdo con el presidente de la Uni\u00f3n de Pescadores, Bernardo Hern\u00e1ndez Guzm\u00e1n, deber\u00e1n dejar de laborar otra semana m\u00e1s por la cercan\u00eda de la tormenta tropical \u201cKarl\u201d a las costas veracruzanas.<\/p>\n\n\n\n<p>El entrevistado coment\u00f3 que en ocasiones se han visto afectadas sus lanchas y, por ello, a veces prefieren sacarlas del agua y colocarlas en tierra firme.<\/p>\n\n\n\n<p>\u201cDe por s\u00ed ya la tenemos detenida desde hace 15 d\u00edas (la actividad) y ahorita por lo menos van a ser cinco d\u00edas m\u00e1s de no poder salir a la mar y obviamente no capturar nada, eso se ve reflejado en nuestros ingresos\u201d, enfatiz\u00f3.<\/p>\n\n\n\n<p>La percepci\u00f3n diaria de los pescadores es, en promedio, de 500 pesos, por lo que hasta el momento han perdido cerca de 7 mil pesos al no haber podido laborar durante las \u00faltimas dos semanas.<\/p>\n\n\n\n<p>&#8220;Ahorita ya entramos en temporada alta, la corrida de pampanillo, la temporada fuerte, se puede decir y donde un pescador se puede ganar entre 500 y 800 pesos diarios&#8221;, refiri\u00f3.<\/p>\n\n\n\n<p>Los pescadores continuar\u00e1n pendientes de las recomendaciones de Protecci\u00f3n Civil; sin embargo, se agravar\u00e1n las p\u00e9rdidas monetarias en pr\u00f3ximos d\u00edas.<\/p>\n","protected":false},"excerpt":{"rendered":"<p>Juan Arcos Veracruz, Ver.- Pescadores del puerto de Veracruz no han podido laborar desde hace 15 d\u00edas por las condiciones clim\u00e1ticas que han predominado durante las \u00faltimas semanas. Los trabajadores se han visto afectados econ\u00f3micamente al dejar de percibir ingresos, pues deben permanecer alerta y evitar la navegaci\u00f3n para prevenir accidentes. De acuerdo con el [&hellip;]<\/p>\n","protected":false},"author":1,"featured_media":17684,"comment_status":"open","ping_status":"open","sticky":false,"template":"","format":"standard","meta":{"_jetpack_memberships_contains_paid_content":false,"footnotes":""},"categories":[2],"tags":[],"class_list":["post-32713","post","type-post","status-publish","format-standard","has-post-thumbnail","hentry","category-estado"],"jetpack_featured_media_url":"https:\/\/encuentroinformativo.com.mx\/wp-content\/uploads\/2021\/08\/WhatsApp-Image-2021-08-19-at-3.04.20-PM-1.jpeg","jetpack_sharing_enabled":true,"jetpack_likes_enabled":true,"amp_enabled":true,"_links":{"self":[{"href":"https:\/\/encuentroinformativo.com.mx\/index.php?rest_route=\/wp\/v2\/posts\/32713","targetHints":{"allow":["GET"]}}],"collection":[{"href":"https:\/\/encuentroinformativo.com.mx\/index.php?rest_route=\/wp\/v2\/posts"}],"about":[{"href":"https:\/\/encuentroinformativo.com.mx\/index.php?rest_route=\/wp\/v2\/types\/post"}],"author":[{"embeddable":true,"href":"https:\/\/encuentroinformativo.com.mx\/index.php?rest_route=\/wp\/v2\/users\/1"}],"replies":[{"embeddable":true,"href":"https:\/\/encuentroinformativo.com.mx\/index.php?rest_route=%2Fwp%2Fv2%2Fcomments&post=32713"}],"version-history":[{"count":1,"href":"https:\/\/encuentroinformativo.com.mx\/index.php?rest_route=\/wp\/v2\/posts\/32713\/revisions"}],"predecessor-version":[{"id":32714,"href":"https:\/\/encuentroinformativo.com.mx\/index.php?rest_route=\/wp\/v2\/posts\/32713\/revisions\/32714"}],"wp:featuredmedia":[{"embeddable":true,"href":"https:\/\/encuentroinformativo.com.mx\/index.php?rest_route=\/wp\/v2\/media\/17684"}],"wp:attachment":[{"href":"https:\/\/encuentroinformativo.com.mx\/index.php?rest_route=%2Fwp%2Fv2%2Fmedia&parent=32713"}],"wp:term":[{"taxonomy":"category","embeddable":true,"href":"https:\/\/encuentroinformativo.com.mx\/index.php?rest_route=%2Fwp%2Fv2%2Fcategories&post=32713"},{"taxonomy":"post_tag","embeddable":true,"href":"https:\/\/encuentroinformativo.com.mx\/index.php?rest_route=%2Fwp%2Fv2%2Ftags&post=32713"}],"curies":[{"name":"wp","href":"https:\/\/api.w.org\/{rel}","templated":true}]}}