{"id":32719,"date":"2022-10-16T16:22:06","date_gmt":"2022-10-16T21:22:06","guid":{"rendered":"https:\/\/encuentroinformativo.com.mx\/?p=32719"},"modified":"2022-10-16T16:22:10","modified_gmt":"2022-10-16T21:22:10","slug":"el-deportista-ricardo-mejia-visitara-xalapa","status":"publish","type":"post","link":"https:\/\/encuentroinformativo.com.mx\/?p=32719","title":{"rendered":"El deportista Ricardo Mej\u00eda visitar\u00e1 Xalapa"},"content":{"rendered":"\n<p><strong>Juan Arcos<\/strong><\/p>\n\n\n\n<p>Xalapa, Ver.- Ricardo Mej\u00eda, un deportista de talla internacional, estar\u00e1 en la ciudad de Xalapa, durante el mes de diciembre.<\/p>\n\n\n\n<p>Se trata del quinto corredor m\u00e1s importante a nivel mundial en el trail running o carreras de monta\u00f1a.<\/p>\n\n\n\n<p>De acuerdo con Jos\u00e9 Alejandro Montano V\u00e1squez, coordinador general del Encuentro Veracruzano en Excursionismo y Senderismo, Ricardo Mej\u00eda acaba de escribir el libro \u201cEl rey de las monta\u00f1as\u201d.<\/p>\n\n\n\n<p>\u201cEs un adjetivo que no se lo pone \u00e9l, es un adjetivo que se lo da la comunidad trail running, la comunidad de los corredores de monta\u00f1a\u201d, detall\u00f3.<\/p>\n\n\n\n<p>El reconocido corredor participar\u00e1 como ponente en el Encuentro Veracruzano en Excursionismo y Senderismo 2022, a realizarse en Xalapa del 16 al 18 de diciembre pr\u00f3ximo.<\/p>\n\n\n\n<p>\u201cRicardo Mej\u00eda va a estar con nosotros el d\u00eda 16 de diciembre, dando una ponencia en la cual nos va a hablar de c\u00f3mo vencer diversidades, es un ultramaratonista que viene a compartir esas experiencias\u201d, enfatiz\u00f3 Montano V\u00e1squez.<\/p>\n\n\n\n<p>Refiri\u00f3 que hablar del deporte de aventura es hablar tambi\u00e9n de superaci\u00f3n personal, situaci\u00f3n que es primordial para quienes realizan actividades en contacto con la naturaleza.<\/p>\n\n\n\n<p>\u201cAl d\u00eda siguiente (17 de diciembre) tenemos tres rutas para subir al Cofre de Perote, a la octava monta\u00f1a m\u00e1s alta de M\u00e9xico, Ricardo Mej\u00eda va a estar con nosotros en la ruta de 13 kil\u00f3metros\u201d, coment\u00f3.<\/p>\n","protected":false},"excerpt":{"rendered":"<p>Juan Arcos Xalapa, Ver.- Ricardo Mej\u00eda, un deportista de talla internacional, estar\u00e1 en la ciudad de Xalapa, durante el mes de diciembre. Se trata del quinto corredor m\u00e1s importante a nivel mundial en el trail running o carreras de monta\u00f1a. De acuerdo con Jos\u00e9 Alejandro Montano V\u00e1squez, coordinador general del Encuentro Veracruzano en Excursionismo y [&hellip;]<\/p>\n","protected":false},"author":1,"featured_media":32720,"comment_status":"open","ping_status":"open","sticky":false,"template":"","format":"standard","meta":{"_jetpack_memberships_contains_paid_content":false,"footnotes":""},"categories":[2],"tags":[],"class_list":["post-32719","post","type-post","status-publish","format-standard","has-post-thumbnail","hentry","category-estado"],"jetpack_featured_media_url":"https:\/\/encuentroinformativo.com.mx\/wp-content\/uploads\/2022\/10\/3FEDAAE7-9620-4446-84AA-D1EE00405435.jpeg","jetpack_sharing_enabled":true,"jetpack_likes_enabled":true,"amp_enabled":true,"_links":{"self":[{"href":"https:\/\/encuentroinformativo.com.mx\/index.php?rest_route=\/wp\/v2\/posts\/32719","targetHints":{"allow":["GET"]}}],"collection":[{"href":"https:\/\/encuentroinformativo.com.mx\/index.php?rest_route=\/wp\/v2\/posts"}],"about":[{"href":"https:\/\/encuentroinformativo.com.mx\/index.php?rest_route=\/wp\/v2\/types\/post"}],"author":[{"embeddable":true,"href":"https:\/\/encuentroinformativo.com.mx\/index.php?rest_route=\/wp\/v2\/users\/1"}],"replies":[{"embeddable":true,"href":"https:\/\/encuentroinformativo.com.mx\/index.php?rest_route=%2Fwp%2Fv2%2Fcomments&post=32719"}],"version-history":[{"count":1,"href":"https:\/\/encuentroinformativo.com.mx\/index.php?rest_route=\/wp\/v2\/posts\/32719\/revisions"}],"predecessor-version":[{"id":32721,"href":"https:\/\/encuentroinformativo.com.mx\/index.php?rest_route=\/wp\/v2\/posts\/32719\/revisions\/32721"}],"wp:featuredmedia":[{"embeddable":true,"href":"https:\/\/encuentroinformativo.com.mx\/index.php?rest_route=\/wp\/v2\/media\/32720"}],"wp:attachment":[{"href":"https:\/\/encuentroinformativo.com.mx\/index.php?rest_route=%2Fwp%2Fv2%2Fmedia&parent=32719"}],"wp:term":[{"taxonomy":"category","embeddable":true,"href":"https:\/\/encuentroinformativo.com.mx\/index.php?rest_route=%2Fwp%2Fv2%2Fcategories&post=32719"},{"taxonomy":"post_tag","embeddable":true,"href":"https:\/\/encuentroinformativo.com.mx\/index.php?rest_route=%2Fwp%2Fv2%2Ftags&post=32719"}],"curies":[{"name":"wp","href":"https:\/\/api.w.org\/{rel}","templated":true}]}}