{"id":32722,"date":"2022-10-16T19:07:47","date_gmt":"2022-10-17T00:07:47","guid":{"rendered":"https:\/\/encuentroinformativo.com.mx\/?p=32722"},"modified":"2022-10-16T19:07:51","modified_gmt":"2022-10-17T00:07:51","slug":"remanentes-de-karl-dejan-anegaciones-en-zona-conurbada","status":"publish","type":"post","link":"https:\/\/encuentroinformativo.com.mx\/?p=32722","title":{"rendered":"Remanentes de Karl dejan anegaciones en zona conurbada"},"content":{"rendered":"\n<p><strong>Juan Arcos <\/strong><\/p>\n\n\n\n<p>Veracruz, Ver.- Los remanentes de la tormenta tropical \u201cKarl\u201d, que se disip\u00f3 el s\u00e1bado, ocasionaron fuertes lluvias y anegaciones en diversos puntos de la zona conurbada Veracruz-Boca del R\u00edo, durante este domingo.<\/p>\n\n\n\n<p>Durante la ma\u00f1ana y parte de la tarde de este 16 de octubre predominaron el cielo nublado y precipitaciones, acompa\u00f1adas de rachas de viento.<\/p>\n\n\n\n<p>El agua encharcada alcanzaba los 15 o 20 cent\u00edmetros sobre el bulevar Manuel \u00c1vila Camacho, en las inmediaciones del Acuario de Veracruz, situaci\u00f3n que dificultaba la circulaci\u00f3n vehicular.<\/p>\n\n\n\n<p>En la zona se observ\u00f3 al personal del \u00e1rea de Limpia P\u00fablica retirando la basura de las alcantarillas y tragatormentas para garantizar el flujo del agua.<\/p>\n\n\n\n<p>Las anegaciones tambi\u00e9n se reportaron en los fraccionamiento Costa Verde, Virgina, Casas Tamsa, Estatuto Jur\u00eddico, as\u00ed como en el bulevar Adolfo Ruiz Cortines y la avenida Urano, en el municipio de Boca del R\u00edo.<\/p>\n\n\n\n<p>Mientras que en el puerto jarocho esto se observ\u00f3 sobre la avenida V\u00edctimas del 25 de Junio y en calles como Zaragoza, Independencia y Xicot\u00e9ncatl.<\/p>\n\n\n\n<p>Autoridades de Protecci\u00f3n Civil indicaron que tras los remanentes de \u201cKarl\u201d se registr\u00f3 un sistema de baja presi\u00f3n que mantiene las condiciones para lluvias de la noche del domingo para el lunes, con acumulados de cinco a 10 mil\u00edmetros, sin descartar de 30 a 50 mil\u00edmetros.<\/p>\n\n\n\n<p>Adem\u00e1s, durante el inicio de semana se prev\u00e9 un frente fr\u00edo en el Golfo de M\u00e9xico que dejar\u00e1 un evento de norte en la zona conurbada Veracruz-Boca del R\u00edo, con rachas de 60 a 70 kil\u00f3metros por hora.<\/p>\n\n\n\n<p>La Secretar\u00eda de Protecci\u00f3n Civil emiti\u00f3 la Alerta Gris a la poblaci\u00f3n de Veracruz para extremar precauciones ante el pron\u00f3stico de un frente fr\u00edo, lluvias y fuertes rachas de viento.<\/p>\n\n\n\n<figure class=\"wp-block-image size-large\"><img loading=\"lazy\" decoding=\"async\" width=\"1024\" height=\"768\" src=\"https:\/\/encuentroinformativo.com.mx\/wp-content\/uploads\/2022\/10\/A905250B-E2E7-4048-9992-E8B6BB0139E6-1024x768.jpeg\" alt=\"\" class=\"wp-image-32724\" srcset=\"https:\/\/encuentroinformativo.com.mx\/wp-content\/uploads\/2022\/10\/A905250B-E2E7-4048-9992-E8B6BB0139E6-1024x768.jpeg 1024w, https:\/\/encuentroinformativo.com.mx\/wp-content\/uploads\/2022\/10\/A905250B-E2E7-4048-9992-E8B6BB0139E6-300x225.jpeg 300w, https:\/\/encuentroinformativo.com.mx\/wp-content\/uploads\/2022\/10\/A905250B-E2E7-4048-9992-E8B6BB0139E6-768x576.jpeg 768w, https:\/\/encuentroinformativo.com.mx\/wp-content\/uploads\/2022\/10\/A905250B-E2E7-4048-9992-E8B6BB0139E6-1536x1152.jpeg 1536w, https:\/\/encuentroinformativo.com.mx\/wp-content\/uploads\/2022\/10\/A905250B-E2E7-4048-9992-E8B6BB0139E6.jpeg 1681w\" sizes=\"auto, (max-width: 1024px) 100vw, 1024px\" \/><\/figure>\n","protected":false},"excerpt":{"rendered":"<p>Juan Arcos Veracruz, Ver.- Los remanentes de la tormenta tropical \u201cKarl\u201d, que se disip\u00f3 el s\u00e1bado, ocasionaron fuertes lluvias y anegaciones en diversos puntos de la zona conurbada Veracruz-Boca del R\u00edo, durante este domingo. Durante la ma\u00f1ana y parte de la tarde de este 16 de octubre predominaron el cielo nublado y precipitaciones, acompa\u00f1adas de [&hellip;]<\/p>\n","protected":false},"author":1,"featured_media":32723,"comment_status":"open","ping_status":"open","sticky":false,"template":"","format":"standard","meta":{"_jetpack_memberships_contains_paid_content":false,"footnotes":""},"categories":[2],"tags":[],"class_list":["post-32722","post","type-post","status-publish","format-standard","has-post-thumbnail","hentry","category-estado"],"jetpack_featured_media_url":"https:\/\/encuentroinformativo.com.mx\/wp-content\/uploads\/2022\/10\/80696835-03B4-41E5-A6C8-97053AA971C4.jpeg","jetpack_sharing_enabled":true,"jetpack_likes_enabled":true,"amp_enabled":true,"_links":{"self":[{"href":"https:\/\/encuentroinformativo.com.mx\/index.php?rest_route=\/wp\/v2\/posts\/32722","targetHints":{"allow":["GET"]}}],"collection":[{"href":"https:\/\/encuentroinformativo.com.mx\/index.php?rest_route=\/wp\/v2\/posts"}],"about":[{"href":"https:\/\/encuentroinformativo.com.mx\/index.php?rest_route=\/wp\/v2\/types\/post"}],"author":[{"embeddable":true,"href":"https:\/\/encuentroinformativo.com.mx\/index.php?rest_route=\/wp\/v2\/users\/1"}],"replies":[{"embeddable":true,"href":"https:\/\/encuentroinformativo.com.mx\/index.php?rest_route=%2Fwp%2Fv2%2Fcomments&post=32722"}],"version-history":[{"count":1,"href":"https:\/\/encuentroinformativo.com.mx\/index.php?rest_route=\/wp\/v2\/posts\/32722\/revisions"}],"predecessor-version":[{"id":32725,"href":"https:\/\/encuentroinformativo.com.mx\/index.php?rest_route=\/wp\/v2\/posts\/32722\/revisions\/32725"}],"wp:featuredmedia":[{"embeddable":true,"href":"https:\/\/encuentroinformativo.com.mx\/index.php?rest_route=\/wp\/v2\/media\/32723"}],"wp:attachment":[{"href":"https:\/\/encuentroinformativo.com.mx\/index.php?rest_route=%2Fwp%2Fv2%2Fmedia&parent=32722"}],"wp:term":[{"taxonomy":"category","embeddable":true,"href":"https:\/\/encuentroinformativo.com.mx\/index.php?rest_route=%2Fwp%2Fv2%2Fcategories&post=32722"},{"taxonomy":"post_tag","embeddable":true,"href":"https:\/\/encuentroinformativo.com.mx\/index.php?rest_route=%2Fwp%2Fv2%2Ftags&post=32722"}],"curies":[{"name":"wp","href":"https:\/\/api.w.org\/{rel}","templated":true}]}}