{"id":32726,"date":"2022-10-17T08:15:05","date_gmt":"2022-10-17T13:15:05","guid":{"rendered":"https:\/\/encuentroinformativo.com.mx\/?p=32726"},"modified":"2022-10-17T08:15:08","modified_gmt":"2022-10-17T13:15:08","slug":"corrieron-rosa","status":"publish","type":"post","link":"https:\/\/encuentroinformativo.com.mx\/?p=32726","title":{"rendered":"\u00a1CORRIERON ROSA!"},"content":{"rendered":"\n<p><strong>Los Pol\u00edticos<\/strong><\/p>\n\n\n\n<p><strong>Salvador Mu\u00f1oz<\/strong><\/p>\n\n\n\n<p>S\u00f3lo por Servir, lleg\u00f3 con todo el outfit preciso para participar en la carrera \u201cAbrazando la vida, Corre rosa\u201d en el Estadio Xalape\u00f1o: gorra para el poco sol que se asomaba de vez en cuando en la Atenas; camisa negra manga larga; short largo del mismo color as\u00ed como tenis y medias del mismo tono\u2026 pero con su manita desconchabadita\u2026<\/p>\n\n\n\n<p>Las dos veces que le pregunt\u00e9 a Juan Javier G\u00f3mez Cazar\u00edn qu\u00e9 le pas\u00f3, dos veces fue interrumpido por los fans que ped\u00edan una foto al lado del Diputado, pero entre lo que alcanz\u00f3 a platicar es que apenas y pudo zafar la mano y ya no entend\u00ed si se agarr\u00f3 la mano izquierda con el cofre o la puerta del carro.<\/p>\n\n\n\n<p>La recomendaci\u00f3n de los cuates era que evitara mover la mano porque el impacto y el desplazamiento podr\u00edan generarle dolor y si bien escuchaba atento a sus bienquerientes, no falt\u00f3 el allegado que, con una sonrisa de \u201cresignaci\u00f3n\u201c confesara entre dientes que \u201c\u00a1es necio!\u201d, lo que se confirmaba con una frase que Cazar\u00edn solt\u00f3 horas antes de iniciar la carrera: \u201ccorro con los pies, no con las manos\u201d&#8230;<\/p>\n\n\n\n<p>Delia Gonz\u00e1lez Cobos rompi\u00f3 el mito de que El Car\u00f3n ni siquiera la recib\u00eda en el Palacio de Encanto\u2026 se saludaron como dos viejos amigos y nada de chamba en ese domingo\u2026 la conversaci\u00f3n gir\u00f3 en la preparaci\u00f3n f\u00edsica y la manita desconchabadita de G\u00f3mez Cazar\u00edn.<\/p>\n\n\n\n<p>Y ya que hablamos sin hablar de las Cuentas P\u00fablicas, apareci\u00f3 el presidente de la Comisi\u00f3n de Vigilancia, el diputado Rafael Fararoni, quien al parecer no alcanz\u00f3 camisa conmemorativa porque tra\u00eda una color \u201cmorena\u201d que expon\u00eda una cicatriz de otras batallas muy diferentes a la mano izquierda de Cazar\u00edn.<\/p>\n\n\n\n<p>Cuenta Fararoni que hace cinco a\u00f1os, en un accidente automovil\u00edstico, la bolsa de aire le gener\u00f3 una fractura en el brazo izquierdo; tuvieron que hacerle injerto de piel que fue tomada de su muslo\u2026<\/p>\n\n\n\n<p>Continuando con los lesionados, ah\u00ed estaba Memo N\u00fa\u00f1ez, el de Comunicaci\u00f3n Social del Congreso local, que cuando se le pregunt\u00f3 el porqu\u00e9 no entr\u00f3 a la carrera, respondi\u00f3 a lo Escamilla: \u201cCorrer es de cobardes!\u201d<\/p>\n\n\n\n<p>M\u00e1s en serio, cuenta que entrenando futbol americano como \u201ccorebac\u201d, le cay\u00f3 sobre las piernas un \u201cropero\u201d y cuando intent\u00f3 levantarse, le hab\u00edan volteado la rodilla, por as\u00ed decirlo\u2026 igual que Fararoni, presumi\u00f3 el chamorro para mostrarme \u201clas heridas de guerra\u201d&#8230;<\/p>\n\n\n\n<p>Naldy Rodr\u00edguez, la del IVAI, hizo acto de presencia para dar fe de la transparencia en esta carrera, al igual que Adriana Linares Capitanachi, quiz\u00e1s para que no hubiera mano negra aunque s\u00ed mano blanca con todo y f\u00e9rula de Cazar\u00edn.<\/p>\n\n\n\n<p>El regidor Carlos Rugerio, en representaci\u00f3n de la juventud deportista del PRI, se puso en la l\u00ednea de salida\u2026 desde Perote, Paul Mart\u00ednez Marie, quien confes\u00f3 que no hace ejercicio ni le va al Am\u00e9rica\u2026 pero aguant\u00f3 los 5 kil\u00f3metros.<\/p>\n\n\n\n<p>Quien se ve en perfectas condiciones f\u00edsicas fue el Comisionado del IVAI, Jos\u00e9 Alfredo Corona Liz\u00e1rraga, quien ocup\u00f3 un digno segundo lugar en la carrera con un paso similar al Am\u00e9rica: \u00a1demoledor!<\/p>\n\n\n\n<p>Jacob Zayas Garc\u00eda hizo un minimarat\u00f3n, porque el canijo chaparro inici\u00f3 la carrera pero a los pocos metros, aplic\u00f3 la de Roberto Madrazo, pero sin cruzar la meta\u2026<\/p>\n\n\n\n<p>Y ah\u00ed est\u00e1bamos esperando a que dieran la primera vuelta los competidores cuando Nora Jessica Lagunes J\u00e1uregui \u00a1lleg\u00f3! S\u00ed, lleg\u00f3 tarde\u2026 ya no vimos si despu\u00e9s se incorpor\u00f3 a la carrera como lo hizo a las filas del PAN\u2026<\/p>\n\n\n\n<p>Poco a poco fueron cumpliendo con los 5 kil\u00f3metros prometidos los \u201cpolillos\u201d que participaron en la carrera \u201cAbrazando la vida, Corre rosa\u201d, donde no import\u00f3 qui\u00e9n lleg\u00f3 primero, qui\u00e9n corriendo, qui\u00e9n caminando, qui\u00e9n trotando\u2026 el sentido era de cierto modo, con lo recaudado en esta justa pedestre, echarle una mano, as\u00ed fuera con f\u00e9rula, a esas pacientes con c\u00e1ncer de mama, S\u00f3lo por Servir\u2026<\/p>\n","protected":false},"excerpt":{"rendered":"<p>Los Pol\u00edticos Salvador Mu\u00f1oz S\u00f3lo por Servir, lleg\u00f3 con todo el outfit preciso para participar en la carrera \u201cAbrazando la vida, Corre rosa\u201d en el Estadio Xalape\u00f1o: gorra para el poco sol que se asomaba de vez en cuando en la Atenas; camisa negra manga larga; short largo del mismo color as\u00ed como tenis y [&hellip;]<\/p>\n","protected":false},"author":1,"featured_media":387,"comment_status":"open","ping_status":"open","sticky":false,"template":"","format":"standard","meta":{"_jetpack_memberships_contains_paid_content":false,"footnotes":""},"categories":[11],"tags":[],"class_list":["post-32726","post","type-post","status-publish","format-standard","has-post-thumbnail","hentry","category-opinion"],"jetpack_featured_media_url":"https:\/\/encuentroinformativo.com.mx\/wp-content\/uploads\/2020\/03\/7CF8A22B-2764-47BE-8F7F-38FE9E5D6A2F.jpeg","jetpack_sharing_enabled":true,"jetpack_likes_enabled":true,"amp_enabled":true,"_links":{"self":[{"href":"https:\/\/encuentroinformativo.com.mx\/index.php?rest_route=\/wp\/v2\/posts\/32726","targetHints":{"allow":["GET"]}}],"collection":[{"href":"https:\/\/encuentroinformativo.com.mx\/index.php?rest_route=\/wp\/v2\/posts"}],"about":[{"href":"https:\/\/encuentroinformativo.com.mx\/index.php?rest_route=\/wp\/v2\/types\/post"}],"author":[{"embeddable":true,"href":"https:\/\/encuentroinformativo.com.mx\/index.php?rest_route=\/wp\/v2\/users\/1"}],"replies":[{"embeddable":true,"href":"https:\/\/encuentroinformativo.com.mx\/index.php?rest_route=%2Fwp%2Fv2%2Fcomments&post=32726"}],"version-history":[{"count":1,"href":"https:\/\/encuentroinformativo.com.mx\/index.php?rest_route=\/wp\/v2\/posts\/32726\/revisions"}],"predecessor-version":[{"id":32727,"href":"https:\/\/encuentroinformativo.com.mx\/index.php?rest_route=\/wp\/v2\/posts\/32726\/revisions\/32727"}],"wp:featuredmedia":[{"embeddable":true,"href":"https:\/\/encuentroinformativo.com.mx\/index.php?rest_route=\/wp\/v2\/media\/387"}],"wp:attachment":[{"href":"https:\/\/encuentroinformativo.com.mx\/index.php?rest_route=%2Fwp%2Fv2%2Fmedia&parent=32726"}],"wp:term":[{"taxonomy":"category","embeddable":true,"href":"https:\/\/encuentroinformativo.com.mx\/index.php?rest_route=%2Fwp%2Fv2%2Fcategories&post=32726"},{"taxonomy":"post_tag","embeddable":true,"href":"https:\/\/encuentroinformativo.com.mx\/index.php?rest_route=%2Fwp%2Fv2%2Ftags&post=32726"}],"curies":[{"name":"wp","href":"https:\/\/api.w.org\/{rel}","templated":true}]}}