{"id":32728,"date":"2022-10-17T08:32:17","date_gmt":"2022-10-17T13:32:17","guid":{"rendered":"https:\/\/encuentroinformativo.com.mx\/?p=32728"},"modified":"2022-10-17T08:32:20","modified_gmt":"2022-10-17T13:32:20","slug":"gomez-cazarin-es-como-el-america","status":"publish","type":"post","link":"https:\/\/encuentroinformativo.com.mx\/?p=32728","title":{"rendered":"G\u00d3MEZ CAZAR\u00cdN ES COMO EL AM\u00c9RICA"},"content":{"rendered":"\n<p><strong>ColumnaSinNombre<br>@pablojair<\/strong><\/p>\n\n\n\n<ul class=\"wp-block-list\"><li>Qu\u00e9 necesidad con lo de Nora Lagunes.<\/li><li>Funcionario de Veracruz paseando en M\u00e9rida.<\/li><li>El altar de muertos m\u00e1s grande del mundo.<\/li><\/ul>\n\n\n\n<p>Ahora resulta que es \u201cins\u00f3lito\u201d que sacerdotes anden rompiendo el celibato. No manche, obispo.<br>\u2014Chopenjawer<\/p>\n\n\n\n<p>Hay personajes de la vida p\u00fablica cuya personalidad ha destacado por sus logros pol\u00edticos.<\/p>\n\n\n\n<p>Pero casi ninguno se hab\u00eda destacado por tener un enorme grado de contacto directo con la gente como s\u00ed lo tiene el diputado Juan Javier G\u00f3mez Cazar\u00edn.<\/p>\n\n\n\n<p>El de Hueyapan de Ocampo (zona de los Tuxtlas) ha sido el \u00fanico en la historia del Poder Legislativo en presidir dos veces consecutivas la Junta de Coordinaci\u00f3n Pol\u00edtica. Desde esa encomienda, ha cumplido con tareas fundamentales para la 4T en Veracruz.<\/p>\n\n\n\n<p>Por ejemplo, la destituci\u00f3n del ex fiscal Jorge Winckler (que hasta una felicitaci\u00f3n dio el propio presidente Andr\u00e9s Manuel L\u00f3pez Obrador).<\/p>\n\n\n\n<p>Tambi\u00e9n evit\u00f3 la reelecci\u00f3n de Lorenzo Antonio Portilla en el Orfis (lo que equivale a una destituci\u00f3n). Fue personaje clave en la renovaci\u00f3n del Poder Judicial con 18 magistradas y magistrados nombrados, la mayor\u00eda mujeres.<\/p>\n\n\n\n<p>Es tambi\u00e9n operador nato de elecciones y no s\u00f3lo en Veracruz sino en otros estados, como Tamaulipas. Incluso en otros partidos tuvieron que preguntarle a sus contactos de la regi\u00f3n de los Tuxtlas para saber m\u00e1s de ese entonces desconocido Cazar\u00edn, porque ya ven\u00eda haciendo mucho ruido.<\/p>\n\n\n\n<p>Y la joya de la corona: el recorte al 50 por ciento del dinero p\u00fablico a los partidos pol\u00edticos de Veracruz (ya la Suprema Corte le dio la raz\u00f3n definitiva).<\/p>\n\n\n\n<p>Pero ah\u00ed no se detiene este diputado quien tiene la costumbre de caminar todo el territorio del Estado y hacer funciones hasta de alba\u00f1il.<\/p>\n\n\n\n<p>Adem\u00e1s de ser totalmente aut\u00e9ntico con sus gustos musicales donde se identifica con los grupos del sur, Junior Klan, S\u00faper Lamas, Nelson Kanzela, los V\u00e1zquez, los Caracoles, Nativo show o los Zemvers, por si fuera poco es todo un influencer pol\u00edtico de las redes sociales, con seguidores de carne y hueso, que interact\u00faan con \u00e9l de forma real y espont\u00e1nea, en transmisiones en vivo o hasta con una sola fotograf\u00eda.<\/p>\n\n\n\n<p>Al participar en una carrera este domingo, por ejemplo, mucha gente atestigu\u00f3 cuando otro corredor le pidi\u00f3 su camiseta (al estilo de los jugadores de futbol) y Cazar\u00edn de inmediato accedi\u00f3 a regal\u00e1rsela.<\/p>\n\n\n\n<p>No cabe duda que Cuitl\u00e1huac Garc\u00eda tuvo buen ojo pol\u00edtico al sumar a su equipo de lucha a Cazar\u00edn, convertido ya en uno de sus operadores de confianza.<\/p>\n\n\n\n<p>Cazar\u00edn, como el equipo de sus amores, el Am\u00e9rica: o lo amas a lo odias, y cada vez se ve que m\u00e1s gente lo ama, lo aprecia, le respeta su forma de trabajar que ha roto los esquemas de la vieja pol\u00edtica.<\/p>\n\n\n\n<p>Lo cierto es que mucha gente en Xalapa y en la Ciudad de M\u00e9xico coincide en que a Cazar\u00edn le espera un futuro muy favorable. Ah\u00ed nom\u00e1s se las dejo ir.<\/p>\n\n\n\n<p><strong>NOTA PARA PEGAR EN EL REFRI:<\/strong> Y como dir\u00eda el fil\u00f3sofo Juan Gabriel: \u201c\u00bfpero qu\u00e9 necesidad?\u201d\u2026 Aplica para el caso de la diputada local Nora Lagunes, quien hace unos d\u00edas fue \u201cexpulsada\u201d por el Comit\u00e9 Estatal del Partido Acci\u00f3n Nacional por haber votado a favor de la Ley de Residencia Efectiva (se\u00f1alada de mala leche como \u201cLey Nahle\u201d)\u2026 Nora, junto con otros dos legisladores, fue \u201ccastigada\u201d por los panistas que ahora se encargan del Comit\u00e9 Estatal, que no son otra cosa m\u00e1s que t\u00edteres del ex gobernador \u201cCascarita\u201d\u2026 La verdad en nada ayudaban con la expulsi\u00f3n de una militante, m\u00e1s que evidenciar que quieren seguir la misma l\u00ednea de \u201cconmigo, porque si est\u00e1s en mi contra, te castigo\u201d\u2026 Ahora a Nora la respald\u00f3 el Tribunal Electoral de Veracruz y el PAN deber\u00e1 repetir su asamblea estatal para elegir consejeros, esto luego de que la legisladora recuperara sus derechos pol\u00edtico electorales y reapareciera nuevamente en el registro de militantes\u2026 Nora ha estado recientemente en el reflector por no s\u00f3lo darle la batalla a los yunistas incrustados en el Comit\u00e9 Estatal, sino que tambi\u00e9n se ha convertido en una mujer pol\u00edtica a la que no hay que perderle la vista por su congruencia\u2026 Es cierto: podemos quiz\u00e1s no comulgar con el panismo, pero no todo ah\u00ed es malo; hay buenos gobernantes y luchadores sociales legendarios, gente pensante que s\u00ed entiende de labor social antes de las chaquetas mentales de la ambici\u00f3n pol\u00edtica.<\/p>\n\n\n\n<p><strong>OTRA NOTA: <\/strong>Quien andaba paseando en M\u00e9rida el fin de semana fue el titular de la Procuradur\u00eda del Medio Ambiente (PMA), Sergio Rodr\u00edguez Cort\u00e9s\u2026 Seguramente fue por asuntos oficiales de su trabajo, \u00bfo habr\u00e1 ido al concierto de Guns N\u2019 Roses?.<\/p>\n\n\n\n<p><strong>LA \u00daLTIMA PORQUE MA\u00d1ANA AEROPUERTO:<\/strong> Sin duda gener\u00f3 muchas expectativas el anuncio del secretario de Educaci\u00f3n, Zenyazen Escobar Garc\u00eda, con respecto al anuncio de la creaci\u00f3n del Altar de Muertos m\u00e1s grande del mundo, mismo que se pretende edificar a finales de octubre en el Vel\u00f3dromo de Xalapa\u2026 El altar conjuntar\u00e1 las 14 culturas originarias del estado de Veracruz, entre ellas la tutunak\u00fa, t\u00e9nek, nawatl, tepehua, chinanteca, zoque popoluca, mixe popoluca, mazateca, h\u00f1\u00e4h\u00f1\u00fc y zapoteca; adem\u00e1s, representa un homenaje a ellas, por lo que se incluyen foros llamado kallis, que en n\u00e1huatl significa casa, donde se ofrecer\u00e1n las actividades de manos m\u00e1gicas, danzas y rituales, sabores, del conocimiento, juegos aut\u00f3ctonos y tradicionales, talleres y D\u00eda de Muertos\u2026 Sin duda, para esos festejos nadie nos gana.<\/p>\n","protected":false},"excerpt":{"rendered":"<p>ColumnaSinNombre@pablojair Qu\u00e9 necesidad con lo de Nora Lagunes. Funcionario de Veracruz paseando en M\u00e9rida. El altar de muertos m\u00e1s grande del mundo. Ahora resulta que es \u201cins\u00f3lito\u201d que sacerdotes anden rompiendo el celibato. No manche, obispo.\u2014Chopenjawer Hay personajes de la vida p\u00fablica cuya personalidad ha destacado por sus logros pol\u00edticos. Pero casi ninguno se hab\u00eda [&hellip;]<\/p>\n","protected":false},"author":1,"featured_media":488,"comment_status":"open","ping_status":"open","sticky":false,"template":"","format":"standard","meta":{"_jetpack_memberships_contains_paid_content":false,"footnotes":""},"categories":[11],"tags":[],"class_list":["post-32728","post","type-post","status-publish","format-standard","has-post-thumbnail","hentry","category-opinion"],"jetpack_featured_media_url":"https:\/\/encuentroinformativo.com.mx\/wp-content\/uploads\/2020\/03\/F471F608-BA1A-416B-BA7B-BCFB24F4E6D0.jpeg","jetpack_sharing_enabled":true,"jetpack_likes_enabled":true,"amp_enabled":true,"_links":{"self":[{"href":"https:\/\/encuentroinformativo.com.mx\/index.php?rest_route=\/wp\/v2\/posts\/32728","targetHints":{"allow":["GET"]}}],"collection":[{"href":"https:\/\/encuentroinformativo.com.mx\/index.php?rest_route=\/wp\/v2\/posts"}],"about":[{"href":"https:\/\/encuentroinformativo.com.mx\/index.php?rest_route=\/wp\/v2\/types\/post"}],"author":[{"embeddable":true,"href":"https:\/\/encuentroinformativo.com.mx\/index.php?rest_route=\/wp\/v2\/users\/1"}],"replies":[{"embeddable":true,"href":"https:\/\/encuentroinformativo.com.mx\/index.php?rest_route=%2Fwp%2Fv2%2Fcomments&post=32728"}],"version-history":[{"count":1,"href":"https:\/\/encuentroinformativo.com.mx\/index.php?rest_route=\/wp\/v2\/posts\/32728\/revisions"}],"predecessor-version":[{"id":32729,"href":"https:\/\/encuentroinformativo.com.mx\/index.php?rest_route=\/wp\/v2\/posts\/32728\/revisions\/32729"}],"wp:featuredmedia":[{"embeddable":true,"href":"https:\/\/encuentroinformativo.com.mx\/index.php?rest_route=\/wp\/v2\/media\/488"}],"wp:attachment":[{"href":"https:\/\/encuentroinformativo.com.mx\/index.php?rest_route=%2Fwp%2Fv2%2Fmedia&parent=32728"}],"wp:term":[{"taxonomy":"category","embeddable":true,"href":"https:\/\/encuentroinformativo.com.mx\/index.php?rest_route=%2Fwp%2Fv2%2Fcategories&post=32728"},{"taxonomy":"post_tag","embeddable":true,"href":"https:\/\/encuentroinformativo.com.mx\/index.php?rest_route=%2Fwp%2Fv2%2Ftags&post=32728"}],"curies":[{"name":"wp","href":"https:\/\/api.w.org\/{rel}","templated":true}]}}