{"id":32732,"date":"2022-10-17T11:59:27","date_gmt":"2022-10-17T16:59:27","guid":{"rendered":"https:\/\/encuentroinformativo.com.mx\/?p=32732"},"modified":"2022-10-17T11:59:32","modified_gmt":"2022-10-17T16:59:32","slug":"padres-denuncian-presuntos-abusos-en-primaria-de-banderilla","status":"publish","type":"post","link":"https:\/\/encuentroinformativo.com.mx\/?p=32732","title":{"rendered":"Padres denuncian presuntos abusos en primaria de Banderilla"},"content":{"rendered":"\n<p><strong>Juan Arcos <\/strong><\/p>\n\n\n\n<p>Banderilla, Ver.- Madres y padres de familia de la primaria \u201cL\u00e1zaro C\u00e1rdenas\u201d protestaron y bloquearon la calle Hidalgo, en el municipio de Banderilla, para denunciar que se han registrado m\u00e1s de cuatro casos de abuso sexual en agravio de los estudiantes.<\/p>\n\n\n\n<p>Los inconformes tomaron la escuela, debido a que recientemente se dio un caso donde una menor fue v\u00edctima de abuso sexual por parte del personal de esta escuela, ubicada cerca de esta ciudad de Xalapa.<\/p>\n\n\n\n<p>Los quejosos exigieron a las autoridades acad\u00e9micas que los presuntos responsables de dichos abusos sean cesados y se informe a los tutores de quien se trata para estar prevenidos.<\/p>\n\n\n\n<p>De acuerdo con Trinidad Berruecos Herrera, una de los inconformes, los directivos de esta primaria est\u00e1n ocultando informaci\u00f3n, pues no les dicen ni siquiera qui\u00e9nes son los agresores.<\/p>\n\n\n\n<p>\u201cLos otros casos fueron por parte de otra persona, que ya no est\u00e1 aqu\u00ed desde hace a\u00f1os. Ahorita es otra persona. No nos quieren decir si fue un ataque sexual, estanos pidiendo que nos digan qu\u00e9 pas\u00f3, porque tenemos m\u00e1s ni\u00f1os y ni\u00f1as. Ahora es ni\u00f1a (la v\u00edctima), pero no nos dicen de qu\u00e9 grado\u201d, expres\u00f3.<\/p>\n\n\n\n<p>La agresi\u00f3n ocurri\u00f3 el pasado viernes y desde entonces se pegaron carteles en la fachada del plantel y los padres de familia se alertaron mediante correos el\u00e9ctricos y mensajes v\u00eda WhatsApp.<\/p>\n\n\n\n<p>\u201cNo queremos saber el nombre de la peque\u00f1ita obviamente pero s\u00ed sabemos que pap\u00e1 o mam\u00e1 se acerquen y digan qu\u00e9 pas\u00f3\u201d, agreg\u00f3 la mam\u00e1.<\/p>\n\n\n\n<p>Los quejosos exigieron que haya justicia en el caso y que intervengan autoridades de la Secretar\u00eda de Educaci\u00f3n de Veracruz (SEV) para evitar que los abusos sexuales contin\u00faen ocurriendo.<\/p>\n","protected":false},"excerpt":{"rendered":"<p>Juan Arcos Banderilla, Ver.- Madres y padres de familia de la primaria \u201cL\u00e1zaro C\u00e1rdenas\u201d protestaron y bloquearon la calle Hidalgo, en el municipio de Banderilla, para denunciar que se han registrado m\u00e1s de cuatro casos de abuso sexual en agravio de los estudiantes. Los inconformes tomaron la escuela, debido a que recientemente se dio un [&hellip;]<\/p>\n","protected":false},"author":1,"featured_media":32733,"comment_status":"open","ping_status":"open","sticky":false,"template":"","format":"standard","meta":{"_jetpack_memberships_contains_paid_content":false,"footnotes":""},"categories":[8],"tags":[],"class_list":["post-32732","post","type-post","status-publish","format-standard","has-post-thumbnail","hentry","category-region"],"jetpack_featured_media_url":"https:\/\/encuentroinformativo.com.mx\/wp-content\/uploads\/2022\/10\/80C1355E-90FA-4081-92C5-E51B0FCC0B1A.jpeg","jetpack_sharing_enabled":true,"jetpack_likes_enabled":true,"amp_enabled":true,"_links":{"self":[{"href":"https:\/\/encuentroinformativo.com.mx\/index.php?rest_route=\/wp\/v2\/posts\/32732","targetHints":{"allow":["GET"]}}],"collection":[{"href":"https:\/\/encuentroinformativo.com.mx\/index.php?rest_route=\/wp\/v2\/posts"}],"about":[{"href":"https:\/\/encuentroinformativo.com.mx\/index.php?rest_route=\/wp\/v2\/types\/post"}],"author":[{"embeddable":true,"href":"https:\/\/encuentroinformativo.com.mx\/index.php?rest_route=\/wp\/v2\/users\/1"}],"replies":[{"embeddable":true,"href":"https:\/\/encuentroinformativo.com.mx\/index.php?rest_route=%2Fwp%2Fv2%2Fcomments&post=32732"}],"version-history":[{"count":1,"href":"https:\/\/encuentroinformativo.com.mx\/index.php?rest_route=\/wp\/v2\/posts\/32732\/revisions"}],"predecessor-version":[{"id":32734,"href":"https:\/\/encuentroinformativo.com.mx\/index.php?rest_route=\/wp\/v2\/posts\/32732\/revisions\/32734"}],"wp:featuredmedia":[{"embeddable":true,"href":"https:\/\/encuentroinformativo.com.mx\/index.php?rest_route=\/wp\/v2\/media\/32733"}],"wp:attachment":[{"href":"https:\/\/encuentroinformativo.com.mx\/index.php?rest_route=%2Fwp%2Fv2%2Fmedia&parent=32732"}],"wp:term":[{"taxonomy":"category","embeddable":true,"href":"https:\/\/encuentroinformativo.com.mx\/index.php?rest_route=%2Fwp%2Fv2%2Fcategories&post=32732"},{"taxonomy":"post_tag","embeddable":true,"href":"https:\/\/encuentroinformativo.com.mx\/index.php?rest_route=%2Fwp%2Fv2%2Ftags&post=32732"}],"curies":[{"name":"wp","href":"https:\/\/api.w.org\/{rel}","templated":true}]}}