{"id":32746,"date":"2022-10-17T17:13:26","date_gmt":"2022-10-17T22:13:26","guid":{"rendered":"https:\/\/encuentroinformativo.com.mx\/?p=32746"},"modified":"2022-10-17T17:13:29","modified_gmt":"2022-10-17T22:13:29","slug":"veracruz-con-deficit-para-posicionar-mujeres-en-cargos-edilicios-ople","status":"publish","type":"post","link":"https:\/\/encuentroinformativo.com.mx\/?p=32746","title":{"rendered":"Veracruz con d\u00e9ficit para posicionar mujeres en cargos edilicios: OPLE"},"content":{"rendered":"\n<p><strong>Dar\u00edo Pale <\/strong><\/p>\n\n\n\n<p>Xalapa, Ver.- La consejera presidenta del Organismo P\u00fablico Local Electoral (OPLE), Marisol Alicia Delgadillo Morales dio a conocer que en el estado de Veracruz traen un d\u00e9ficit para posicionar m\u00e1s a las mujeres en los municipios en los cuerpos edilicios.<\/p>\n\n\n\n<p>En entrevista dio a conocer que tienen como fecha l\u00edmite el 22 de octubre para que puedan accesar a la convocatoria para ocupar plazas vacante en cargos y puestos de Servicio Profesional Electoral Nacional del sistema de los OPLE.<\/p>\n\n\n\n<p>Se\u00f1al\u00f3 que son seis plazas una jefatura y las dem\u00e1s son t\u00e9cnicas o t\u00e9cnicos, el objetivo es que se puedan incorporar a colaborar con el OPLE de Veracruz, las bases est\u00e1n publicadas en la p\u00e1gina oficial.<\/p>\n\n\n\n<p>Coment\u00f3 que por el momento los sueldos est\u00e1n en el rango de los 15 y 25 mil pesos, las plazas son iguales para todos, actualmente est\u00e1n ocupadas por encargadur\u00eda, pero ellos tambi\u00e9n pueden participar una vez que se vayan agotando todas las etapas.<\/p>\n\n\n\n<p>Coment\u00f3 que hay 35 plazas en el SPEN y actualmente las seis que tiene vacantes con lo cual est\u00e1n en la media de las que se ocupan a trav\u00e9s del Servicio Profesional Electoral del Instituto Nacional y est\u00e1n analizando el poder incrementar el n\u00famero en el servicio profesional.<\/p>\n\n\n\n<p>En cuanto a los recursos para el cierre de a\u00f1o coment\u00f3 que tienen previsto cerrar el a\u00f1o con n\u00fameros negros, est\u00e1n tratando de ejercer el recurso p\u00fablico que tienen con criterio y disciplina.<\/p>\n\n\n\n<p>Coment\u00f3 que este a\u00f1o ejercieron 670 mdp el cual era el presupuesto aprobado para el 2022, no solicitaron ampliaciones a pesar de que se realizaron procesos extraordinarios municipales.<\/p>\n\n\n\n<p>En cuanto al voto de la mujer se\u00f1al\u00f3 que en el estado de Veracruz traen un d\u00e9ficit para posicionar m\u00e1s a las mujeres en los municipios en los cuerpos edilicios, por lo que es importante que la ciudadan\u00eda sepa que respecto a los procesos previos y en los que acaban de pasar hubo una p\u00e9rdida de un punto porcentual de participaci\u00f3n de mujeres como ediles.<\/p>\n\n\n\n<p>Lo anterior tambi\u00e9n est\u00e1 vinculado a la violencia pol\u00edtica en raz\u00f3n de g\u00e9nero por lo que ah\u00ed tienen un amplio bagaje para que a trav\u00e9s de colaboraciones institucionales puedan generar algunos datos y a su ves pol\u00edticas y acciones para que se les permita la participaci\u00f3n a las mujeres en los cargos p\u00fablicos.<\/p>\n\n\n\n<p>Dio a conocer que a\u00fan tienen temas que trabajar en los ayuntamientos ya que tienen un porcentaje de participaci\u00f3n del 47 por ciento de mujeres edilicias, ese es uno de los temas que tienen pendientes el garantizar no s\u00f3lo la paridad si no que en el ejercicio no sufran violencia pol\u00edtica.<\/p>\n\n\n\n<p>Finalmente se\u00f1al\u00f3 que &#8220;es importante reforzar los liderazgos femeninos no solamente hay que reconocer los liderazgos masculinos y cuando las mujeres accedemos a las tomas de decisiones tenemos que generar nuestros propios modelos de liderazgo, un liderazgo femenino, un liderazgo transversal que trasciende a la comunidad y que sirva de apoyo a otras mujeres para poder accesar a los cargos p\u00fablicos.<\/p>\n","protected":false},"excerpt":{"rendered":"<p>Dar\u00edo Pale Xalapa, Ver.- La consejera presidenta del Organismo P\u00fablico Local Electoral (OPLE), Marisol Alicia Delgadillo Morales dio a conocer que en el estado de Veracruz traen un d\u00e9ficit para posicionar m\u00e1s a las mujeres en los municipios en los cuerpos edilicios. En entrevista dio a conocer que tienen como fecha l\u00edmite el 22 de [&hellip;]<\/p>\n","protected":false},"author":1,"featured_media":32747,"comment_status":"open","ping_status":"open","sticky":false,"template":"","format":"standard","meta":{"_jetpack_memberships_contains_paid_content":false,"footnotes":""},"categories":[2],"tags":[],"class_list":["post-32746","post","type-post","status-publish","format-standard","has-post-thumbnail","hentry","category-estado"],"jetpack_featured_media_url":"https:\/\/encuentroinformativo.com.mx\/wp-content\/uploads\/2022\/10\/023C23A3-6F4E-4419-9F90-BC59EEF726B7.jpeg","jetpack_sharing_enabled":true,"jetpack_likes_enabled":true,"amp_enabled":true,"_links":{"self":[{"href":"https:\/\/encuentroinformativo.com.mx\/index.php?rest_route=\/wp\/v2\/posts\/32746","targetHints":{"allow":["GET"]}}],"collection":[{"href":"https:\/\/encuentroinformativo.com.mx\/index.php?rest_route=\/wp\/v2\/posts"}],"about":[{"href":"https:\/\/encuentroinformativo.com.mx\/index.php?rest_route=\/wp\/v2\/types\/post"}],"author":[{"embeddable":true,"href":"https:\/\/encuentroinformativo.com.mx\/index.php?rest_route=\/wp\/v2\/users\/1"}],"replies":[{"embeddable":true,"href":"https:\/\/encuentroinformativo.com.mx\/index.php?rest_route=%2Fwp%2Fv2%2Fcomments&post=32746"}],"version-history":[{"count":1,"href":"https:\/\/encuentroinformativo.com.mx\/index.php?rest_route=\/wp\/v2\/posts\/32746\/revisions"}],"predecessor-version":[{"id":32748,"href":"https:\/\/encuentroinformativo.com.mx\/index.php?rest_route=\/wp\/v2\/posts\/32746\/revisions\/32748"}],"wp:featuredmedia":[{"embeddable":true,"href":"https:\/\/encuentroinformativo.com.mx\/index.php?rest_route=\/wp\/v2\/media\/32747"}],"wp:attachment":[{"href":"https:\/\/encuentroinformativo.com.mx\/index.php?rest_route=%2Fwp%2Fv2%2Fmedia&parent=32746"}],"wp:term":[{"taxonomy":"category","embeddable":true,"href":"https:\/\/encuentroinformativo.com.mx\/index.php?rest_route=%2Fwp%2Fv2%2Fcategories&post=32746"},{"taxonomy":"post_tag","embeddable":true,"href":"https:\/\/encuentroinformativo.com.mx\/index.php?rest_route=%2Fwp%2Fv2%2Ftags&post=32746"}],"curies":[{"name":"wp","href":"https:\/\/api.w.org\/{rel}","templated":true}]}}