{"id":3275,"date":"2020-06-11T17:00:32","date_gmt":"2020-06-11T22:00:32","guid":{"rendered":"https:\/\/encuentroinformativo.com\/?p=3275"},"modified":"2020-06-11T17:00:34","modified_gmt":"2020-06-11T22:00:34","slug":"presentaran-demanda-contra-nombramiento-de-fiscal-anuncia-tomas-mundo","status":"publish","type":"post","link":"https:\/\/encuentroinformativo.com.mx\/?p=3275","title":{"rendered":"Presentar\u00e1n demanda contra nombramiento de fiscal, anuncia Tom\u00e1s Mundo"},"content":{"rendered":"\n<p><strong>Dar\u00edo Pale <\/strong><\/p>\n\n\n\n<p>Xalapa, Ver.- El exaspirante a la Fiscalia General del Estado (FGE), Tom\u00e1s Mundo Arriasa dio a conocer que presentar\u00e1 la demanda de amparo ante los tribunales federales el pr\u00f3ximo martes, en contra del proceso, violaci\u00f3n directa a la constituci\u00f3n.<\/p>\n\n\n\n<p>Entrevistado en las calles del centro de Xalapa, se\u00f1al\u00f3 que ser\u00e1 una demanda en contra del proceso llevado a cabo desde el Congreso del Estado para la selecci\u00f3n del Fiscal.<\/p>\n\n\n\n<p>&#8220;Hay violaci\u00f3n directa a la constituci\u00f3n, a los art\u00edculos 16 17 y 18, as\u00ed como 25 de la Convenci\u00f3n Americana de Derechos Humanos. Ya tenemos el material probatorio, datos de pruebas que aportaremos para la demanda y es seguro que el pr\u00f3ximo martes la presentemos&#8221;, coment\u00f3.<\/p>\n\n\n\n<p>Las principales prueban que presentar\u00e1n son los oficios que mand\u00f3 el diputado local Juan Manuel Pozos Castro y Josefina Gamboa Torales, ya que sus facultades son indelegables y propias de su comisi\u00f3n, el diputado Andrade no respond\u00eda y la omisi\u00f3n tambi\u00e9n la presentar\u00e1n.<\/p>\n\n\n\n<p>El pasado 28 de mayo la Legislatura Local nombr\u00f3 con 38 votos a favor y 12 en contra a Ver\u00f3nica Hern\u00e1ndez Giad\u00e1ns, como Fiscal de Veracruz.<\/p>\n\n\n\n<p>Mundo Arriasa dijo que pedir\u00e1 el informe justificado de cada uno de los diputados y mientras tanto estar\u00e1 a la espera de los tiempos procesales, por lo que conf\u00eda que existe la posibilidad de anular el procedimiento por la violaci\u00f3n a las garant\u00edas individuales del aspirante a la Fiscal\u00eda General del Estado.<\/p>\n\n\n\n<p>&#8220;Violentaron todo el debido proceso y eso un Juez de Distrito validar\u00e1 o calificar\u00e1 y es mi obligaci\u00f3n hacer llegar todas y cada una de las pruebas en las que fundo la demanda de amparo&#8221;, finaliz\u00f3.<\/p>\n\n\n\n<p><\/p>\n","protected":false},"excerpt":{"rendered":"<p>Dar\u00edo Pale Xalapa, Ver.- El exaspirante a la Fiscalia General del Estado (FGE), Tom\u00e1s Mundo Arriasa dio a conocer que presentar\u00e1 la demanda de amparo ante los tribunales federales el pr\u00f3ximo martes, en contra del proceso, violaci\u00f3n directa a la constituci\u00f3n. Entrevistado en las calles del centro de Xalapa, se\u00f1al\u00f3 que ser\u00e1 una demanda en [&hellip;]<\/p>\n","protected":false},"author":1,"featured_media":3276,"comment_status":"open","ping_status":"open","sticky":false,"template":"","format":"standard","meta":{"_jetpack_memberships_contains_paid_content":false,"footnotes":""},"categories":[2],"tags":[],"class_list":["post-3275","post","type-post","status-publish","format-standard","has-post-thumbnail","hentry","category-estado"],"jetpack_featured_media_url":"https:\/\/encuentroinformativo.com.mx\/wp-content\/uploads\/2020\/06\/8262FFCB-D40C-40D7-922F-A38E92AC127E.jpeg","jetpack_sharing_enabled":true,"jetpack_likes_enabled":true,"amp_enabled":true,"_links":{"self":[{"href":"https:\/\/encuentroinformativo.com.mx\/index.php?rest_route=\/wp\/v2\/posts\/3275","targetHints":{"allow":["GET"]}}],"collection":[{"href":"https:\/\/encuentroinformativo.com.mx\/index.php?rest_route=\/wp\/v2\/posts"}],"about":[{"href":"https:\/\/encuentroinformativo.com.mx\/index.php?rest_route=\/wp\/v2\/types\/post"}],"author":[{"embeddable":true,"href":"https:\/\/encuentroinformativo.com.mx\/index.php?rest_route=\/wp\/v2\/users\/1"}],"replies":[{"embeddable":true,"href":"https:\/\/encuentroinformativo.com.mx\/index.php?rest_route=%2Fwp%2Fv2%2Fcomments&post=3275"}],"version-history":[{"count":1,"href":"https:\/\/encuentroinformativo.com.mx\/index.php?rest_route=\/wp\/v2\/posts\/3275\/revisions"}],"predecessor-version":[{"id":3277,"href":"https:\/\/encuentroinformativo.com.mx\/index.php?rest_route=\/wp\/v2\/posts\/3275\/revisions\/3277"}],"wp:featuredmedia":[{"embeddable":true,"href":"https:\/\/encuentroinformativo.com.mx\/index.php?rest_route=\/wp\/v2\/media\/3276"}],"wp:attachment":[{"href":"https:\/\/encuentroinformativo.com.mx\/index.php?rest_route=%2Fwp%2Fv2%2Fmedia&parent=3275"}],"wp:term":[{"taxonomy":"category","embeddable":true,"href":"https:\/\/encuentroinformativo.com.mx\/index.php?rest_route=%2Fwp%2Fv2%2Fcategories&post=3275"},{"taxonomy":"post_tag","embeddable":true,"href":"https:\/\/encuentroinformativo.com.mx\/index.php?rest_route=%2Fwp%2Fv2%2Ftags&post=3275"}],"curies":[{"name":"wp","href":"https:\/\/api.w.org\/{rel}","templated":true}]}}