{"id":32756,"date":"2022-10-18T12:14:39","date_gmt":"2022-10-18T17:14:39","guid":{"rendered":"https:\/\/encuentroinformativo.com.mx\/?p=32756"},"modified":"2022-10-18T12:14:43","modified_gmt":"2022-10-18T17:14:43","slug":"somos-un-congreso-con-baja-produccion-senala-diputada","status":"publish","type":"post","link":"https:\/\/encuentroinformativo.com.mx\/?p=32756","title":{"rendered":"\u2018Somos un Congreso con baja producci\u00f3n\u2019, se\u00f1ala Diputada"},"content":{"rendered":"\n<p><strong>Alejandro \u00c1vila<\/strong> <\/p>\n\n\n\n<p>Veracruz, Ver.- A pocos d\u00edas de que culmine el primer a\u00f1o legislativo, el Congreso de Veracruz mantiene n\u00fameros bajos en producci\u00f3n, debido a que varias de las iniciativas presentadas por los diversos diputados se encuentran en la &#8220;congeladora&#8221;.<\/p>\n\n\n\n<p>La diputada panista Ver\u00f3nica Pulido Herrera mencion\u00f3 que, no solo se trata de las iniciativas presentadas por el grupo legislativo del PAN, ya que tambi\u00e9n han sido &#8220;detenidas&#8221; las propuestas de las otras fuerzas pol\u00edticas, y reconoci\u00f3 que existen muchas muy importantes para los veracruzanos.<\/p>\n\n\n\n<p>&#8220;Es, no nada m\u00e1s a los diputados de Acci\u00f3n Nacional, sino de todos los grupos legislativos, ahora si que est\u00e1n la mayor\u00eda de estas iniciativas en la &#8216;congeladora&#8217;, y este nos deja como un Congreso con una baja producci\u00f3n, ya a pocos d\u00edas de que termine el primer a\u00f1o legislativo, creo que los veracruzanos merecen un Congreso m\u00e1s proactivo, con m\u00e1s reformas y con m\u00e1s modificaciones, sobre todo hay la necesidad de armonizar varias de nuestras leyes estatales con las federales&#8221;, apunt\u00f3.<\/p>\n\n\n\n<p>Ver\u00f3nica Pulido digo que muchas de esas iniciativas que se encuentran retenidas en el Congreso de Veracruz son sobre mejoras en la seguridad para la entidad veracruzana, y para aumentar las acciones en contra de la violencia de g\u00e9nero.<\/p>\n\n\n\n<p>&#8220;Solicitar a todos que exista la voluntad pol\u00edtica para qu\u00e9 iniciativas que est\u00e9n dictaminadas pasen al Pleno del Congreso, y las que no, incidir al interior de las comisiones para que est\u00e1s iniciativas puedan ser dictaminadas y en su momento aprobadas, creo que hay muy buenas iniciativas presentadas por todos los grupos legislativos, enfocadas a seguridad, al tema de mejores condiciones para las mujeres, para las familias, y creo que es importante que se puedan dar ya est\u00e1s iniciativas, y que ahora s\u00ed puedan estar ya de reformadas muchas leyes&#8221;, remat\u00f3.<\/p>\n","protected":false},"excerpt":{"rendered":"<p>Alejandro \u00c1vila Veracruz, Ver.- A pocos d\u00edas de que culmine el primer a\u00f1o legislativo, el Congreso de Veracruz mantiene n\u00fameros bajos en producci\u00f3n, debido a que varias de las iniciativas presentadas por los diversos diputados se encuentran en la &#8220;congeladora&#8221;. La diputada panista Ver\u00f3nica Pulido Herrera mencion\u00f3 que, no solo se trata de las iniciativas [&hellip;]<\/p>\n","protected":false},"author":1,"featured_media":32757,"comment_status":"open","ping_status":"open","sticky":false,"template":"","format":"standard","meta":{"_jetpack_memberships_contains_paid_content":false,"footnotes":""},"categories":[2],"tags":[],"class_list":["post-32756","post","type-post","status-publish","format-standard","has-post-thumbnail","hentry","category-estado"],"jetpack_featured_media_url":"https:\/\/encuentroinformativo.com.mx\/wp-content\/uploads\/2022\/10\/0571BC70-E574-48AB-B26C-CDA9FB3A43D0.jpeg","jetpack_sharing_enabled":true,"jetpack_likes_enabled":true,"amp_enabled":true,"_links":{"self":[{"href":"https:\/\/encuentroinformativo.com.mx\/index.php?rest_route=\/wp\/v2\/posts\/32756","targetHints":{"allow":["GET"]}}],"collection":[{"href":"https:\/\/encuentroinformativo.com.mx\/index.php?rest_route=\/wp\/v2\/posts"}],"about":[{"href":"https:\/\/encuentroinformativo.com.mx\/index.php?rest_route=\/wp\/v2\/types\/post"}],"author":[{"embeddable":true,"href":"https:\/\/encuentroinformativo.com.mx\/index.php?rest_route=\/wp\/v2\/users\/1"}],"replies":[{"embeddable":true,"href":"https:\/\/encuentroinformativo.com.mx\/index.php?rest_route=%2Fwp%2Fv2%2Fcomments&post=32756"}],"version-history":[{"count":1,"href":"https:\/\/encuentroinformativo.com.mx\/index.php?rest_route=\/wp\/v2\/posts\/32756\/revisions"}],"predecessor-version":[{"id":32758,"href":"https:\/\/encuentroinformativo.com.mx\/index.php?rest_route=\/wp\/v2\/posts\/32756\/revisions\/32758"}],"wp:featuredmedia":[{"embeddable":true,"href":"https:\/\/encuentroinformativo.com.mx\/index.php?rest_route=\/wp\/v2\/media\/32757"}],"wp:attachment":[{"href":"https:\/\/encuentroinformativo.com.mx\/index.php?rest_route=%2Fwp%2Fv2%2Fmedia&parent=32756"}],"wp:term":[{"taxonomy":"category","embeddable":true,"href":"https:\/\/encuentroinformativo.com.mx\/index.php?rest_route=%2Fwp%2Fv2%2Fcategories&post=32756"},{"taxonomy":"post_tag","embeddable":true,"href":"https:\/\/encuentroinformativo.com.mx\/index.php?rest_route=%2Fwp%2Fv2%2Ftags&post=32756"}],"curies":[{"name":"wp","href":"https:\/\/api.w.org\/{rel}","templated":true}]}}