{"id":32759,"date":"2022-10-18T12:20:47","date_gmt":"2022-10-18T17:20:47","guid":{"rendered":"https:\/\/encuentroinformativo.com.mx\/?p=32759"},"modified":"2022-10-18T12:20:51","modified_gmt":"2022-10-18T17:20:51","slug":"imprudente-conductor-choca-en-la-fachada-de-conocido-cafe","status":"publish","type":"post","link":"https:\/\/encuentroinformativo.com.mx\/?p=32759","title":{"rendered":"Imprudente conductor choca en la fachada de conocido caf\u00e9"},"content":{"rendered":"\n<p><strong>Alejandro \u00c1vila<\/strong><\/p>\n\n\n\n<p>Veracruz, Ver.- Un veh\u00edculo se estrell\u00f3 frente a la fachada del caf\u00e9 de La Parroquia qu\u00e9 se ubica frente al bulevar &#8220;Manuel \u00c1vila Camacho&#8221;.<\/p>\n\n\n\n<p>Los hechos se registraron la ma\u00f1ana de este martes, cuando dos unidades particulares chocaron frente al mencionado negocio, uno de ellos se estrell\u00f3 frente a la fachada del conocido caf\u00e9.<\/p>\n\n\n\n<p>De acuerdo a la informaci\u00f3n obtenida, el responsable habr\u00eda sido el propietario de una camioneta de la marca Renault color naranja quien se desplazaba sobre la avenida Washington del fraccionamiento Reforma.<\/p>\n\n\n\n<p>Fue al intentar incorporarse al bulevar Manuel \u00c1vila Camacho, donde no hizo el alto total e intent\u00f3 ganarle el paso a un veh\u00edculo de la marca Nissan tipo Tsuru color blanco que iba en el carril de norte a sur.<\/p>\n\n\n\n<p>El conductor del veh\u00edculo Tsuru no pudo controlar su unidad tras el impacto debido a que el pavimento se encontraba mojado por las lluvias matutinas; por lo que se impact\u00f3 contra una palmera en la banqueta y posteriormente se estrell\u00f3 contra la pared de dicho caf\u00e9.<\/p>\n\n\n\n<p>Afortunadamente en el sitio ninguno de los dos result\u00f3 lesionado, por lo cual no fue necesaria la presencia de alguna corporaci\u00f3n de param\u00e9dicos para brindarles los primeros auxilios o trasladarlos a alg\u00fan hospital.<\/p>\n\n\n\n<p>Finalmente los peritos de la delegaci\u00f3n de tr\u00e1nsito y vialidad municipal de Veracruz llegaron hasta ese sector para tomar conocimiento del hecho, ordenar el retiro de los dos conductores involucrados y as\u00ed deslindar lo que resulte.<\/p>\n\n\n\n<figure class=\"wp-block-image size-large\"><img loading=\"lazy\" decoding=\"async\" width=\"743\" height=\"396\" src=\"https:\/\/encuentroinformativo.com.mx\/wp-content\/uploads\/2022\/10\/82B4FD33-5A06-4169-A1D5-0B00A810A39D.jpeg\" alt=\"\" class=\"wp-image-32762\" srcset=\"https:\/\/encuentroinformativo.com.mx\/wp-content\/uploads\/2022\/10\/82B4FD33-5A06-4169-A1D5-0B00A810A39D.jpeg 743w, https:\/\/encuentroinformativo.com.mx\/wp-content\/uploads\/2022\/10\/82B4FD33-5A06-4169-A1D5-0B00A810A39D-300x160.jpeg 300w\" sizes=\"auto, (max-width: 743px) 100vw, 743px\" \/><\/figure>\n","protected":false},"excerpt":{"rendered":"<p>Alejandro \u00c1vila Veracruz, Ver.- Un veh\u00edculo se estrell\u00f3 frente a la fachada del caf\u00e9 de La Parroquia qu\u00e9 se ubica frente al bulevar &#8220;Manuel \u00c1vila Camacho&#8221;. Los hechos se registraron la ma\u00f1ana de este martes, cuando dos unidades particulares chocaron frente al mencionado negocio, uno de ellos se estrell\u00f3 frente a la fachada del conocido [&hellip;]<\/p>\n","protected":false},"author":1,"featured_media":32761,"comment_status":"open","ping_status":"open","sticky":false,"template":"","format":"standard","meta":{"_jetpack_memberships_contains_paid_content":false,"footnotes":""},"categories":[2],"tags":[],"class_list":["post-32759","post","type-post","status-publish","format-standard","has-post-thumbnail","hentry","category-estado"],"jetpack_featured_media_url":"https:\/\/encuentroinformativo.com.mx\/wp-content\/uploads\/2022\/10\/F9C6CFD9-5067-44B9-86C7-3F7892C9F73D.jpeg","jetpack_sharing_enabled":true,"jetpack_likes_enabled":true,"amp_enabled":true,"_links":{"self":[{"href":"https:\/\/encuentroinformativo.com.mx\/index.php?rest_route=\/wp\/v2\/posts\/32759","targetHints":{"allow":["GET"]}}],"collection":[{"href":"https:\/\/encuentroinformativo.com.mx\/index.php?rest_route=\/wp\/v2\/posts"}],"about":[{"href":"https:\/\/encuentroinformativo.com.mx\/index.php?rest_route=\/wp\/v2\/types\/post"}],"author":[{"embeddable":true,"href":"https:\/\/encuentroinformativo.com.mx\/index.php?rest_route=\/wp\/v2\/users\/1"}],"replies":[{"embeddable":true,"href":"https:\/\/encuentroinformativo.com.mx\/index.php?rest_route=%2Fwp%2Fv2%2Fcomments&post=32759"}],"version-history":[{"count":1,"href":"https:\/\/encuentroinformativo.com.mx\/index.php?rest_route=\/wp\/v2\/posts\/32759\/revisions"}],"predecessor-version":[{"id":32763,"href":"https:\/\/encuentroinformativo.com.mx\/index.php?rest_route=\/wp\/v2\/posts\/32759\/revisions\/32763"}],"wp:featuredmedia":[{"embeddable":true,"href":"https:\/\/encuentroinformativo.com.mx\/index.php?rest_route=\/wp\/v2\/media\/32761"}],"wp:attachment":[{"href":"https:\/\/encuentroinformativo.com.mx\/index.php?rest_route=%2Fwp%2Fv2%2Fmedia&parent=32759"}],"wp:term":[{"taxonomy":"category","embeddable":true,"href":"https:\/\/encuentroinformativo.com.mx\/index.php?rest_route=%2Fwp%2Fv2%2Fcategories&post=32759"},{"taxonomy":"post_tag","embeddable":true,"href":"https:\/\/encuentroinformativo.com.mx\/index.php?rest_route=%2Fwp%2Fv2%2Ftags&post=32759"}],"curies":[{"name":"wp","href":"https:\/\/api.w.org\/{rel}","templated":true}]}}