{"id":32774,"date":"2022-10-18T14:00:35","date_gmt":"2022-10-18T19:00:35","guid":{"rendered":"https:\/\/encuentroinformativo.com.mx\/?p=32774"},"modified":"2022-10-18T14:00:39","modified_gmt":"2022-10-18T19:00:39","slug":"llevan-mastografo-movil-tlalixcoyan-atienden-a-70-mujeres","status":"publish","type":"post","link":"https:\/\/encuentroinformativo.com.mx\/?p=32774","title":{"rendered":"Llevan mast\u00f3grafo m\u00f3vil Tlalixcoyan, atienden a 70 mujeres"},"content":{"rendered":"\n<p><strong>Alejandro \u00c1vila\u00a0<\/strong><\/p>\n\n\n\n<p>Tlalixcoyan, Ver.- El pasado fin de semana, tras la gesti\u00f3n realizada por el Ayuntamiento, la Secretar\u00eda de Salud llev\u00f3 el mast\u00f3grafo m\u00f3vil al municipio de Tlalixcoyan.<\/p>\n\n\n\n<p>Durante la primer jornada se logr\u00f3 atender a 70 mujeres del municipio, quienes previamente se registraron en el Palacio Municipal, dijo la alcaldesa, Elvia Illescas Loyo; y aclar\u00f3 que, en caso de continuar los registros de mujeres, se volver\u00e1 a solicitar el mast\u00f3grafo m\u00f3vil.<\/p>\n\n\n\n<p>Durante la jornada estuvo presente, Mayra Elizabeth Tapia Ramos, coordinadora general de Mast\u00f3grafos M\u00f3viles del Estado de Veracruz, la cual supervis\u00f3 la atenci\u00f3n a mujeres de diversas comunidades de Tlalixcoyan.<\/p>\n\n\n\n<p>Elvia Illescas destac\u00f3 que, durante todo octubre se estar\u00e1n llevando a cabo diversas acciones en el marco del mes rosa, en donde habr\u00e1 charlas de concientizaci\u00f3n e informativas en torno al c\u00e1ncer de mama, para lo cual, pidi\u00f3 seguir las redes sociales oficiales del municipio, tales como: Ayuntamiento de Tlalixcoyan Veracruz,&nbsp; en facebook e instagram.<\/p>\n","protected":false},"excerpt":{"rendered":"<p>Alejandro \u00c1vila\u00a0 Tlalixcoyan, Ver.- El pasado fin de semana, tras la gesti\u00f3n realizada por el Ayuntamiento, la Secretar\u00eda de Salud llev\u00f3 el mast\u00f3grafo m\u00f3vil al municipio de Tlalixcoyan. Durante la primer jornada se logr\u00f3 atender a 70 mujeres del municipio, quienes previamente se registraron en el Palacio Municipal, dijo la alcaldesa, Elvia Illescas Loyo; y [&hellip;]<\/p>\n","protected":false},"author":1,"featured_media":32775,"comment_status":"open","ping_status":"open","sticky":false,"template":"","format":"standard","meta":{"_jetpack_memberships_contains_paid_content":false,"footnotes":""},"categories":[9],"tags":[],"class_list":["post-32774","post","type-post","status-publish","format-standard","has-post-thumbnail","hentry","category-salud"],"jetpack_featured_media_url":"https:\/\/encuentroinformativo.com.mx\/wp-content\/uploads\/2022\/10\/3BA4ED8B-9615-4389-81AB-6CDC48BE1522.jpeg","jetpack_sharing_enabled":true,"jetpack_likes_enabled":true,"amp_enabled":true,"_links":{"self":[{"href":"https:\/\/encuentroinformativo.com.mx\/index.php?rest_route=\/wp\/v2\/posts\/32774","targetHints":{"allow":["GET"]}}],"collection":[{"href":"https:\/\/encuentroinformativo.com.mx\/index.php?rest_route=\/wp\/v2\/posts"}],"about":[{"href":"https:\/\/encuentroinformativo.com.mx\/index.php?rest_route=\/wp\/v2\/types\/post"}],"author":[{"embeddable":true,"href":"https:\/\/encuentroinformativo.com.mx\/index.php?rest_route=\/wp\/v2\/users\/1"}],"replies":[{"embeddable":true,"href":"https:\/\/encuentroinformativo.com.mx\/index.php?rest_route=%2Fwp%2Fv2%2Fcomments&post=32774"}],"version-history":[{"count":1,"href":"https:\/\/encuentroinformativo.com.mx\/index.php?rest_route=\/wp\/v2\/posts\/32774\/revisions"}],"predecessor-version":[{"id":32776,"href":"https:\/\/encuentroinformativo.com.mx\/index.php?rest_route=\/wp\/v2\/posts\/32774\/revisions\/32776"}],"wp:featuredmedia":[{"embeddable":true,"href":"https:\/\/encuentroinformativo.com.mx\/index.php?rest_route=\/wp\/v2\/media\/32775"}],"wp:attachment":[{"href":"https:\/\/encuentroinformativo.com.mx\/index.php?rest_route=%2Fwp%2Fv2%2Fmedia&parent=32774"}],"wp:term":[{"taxonomy":"category","embeddable":true,"href":"https:\/\/encuentroinformativo.com.mx\/index.php?rest_route=%2Fwp%2Fv2%2Fcategories&post=32774"},{"taxonomy":"post_tag","embeddable":true,"href":"https:\/\/encuentroinformativo.com.mx\/index.php?rest_route=%2Fwp%2Fv2%2Ftags&post=32774"}],"curies":[{"name":"wp","href":"https:\/\/api.w.org\/{rel}","templated":true}]}}