{"id":32777,"date":"2022-10-18T14:25:16","date_gmt":"2022-10-18T19:25:16","guid":{"rendered":"https:\/\/encuentroinformativo.com.mx\/?p=32777"},"modified":"2022-10-18T14:25:21","modified_gmt":"2022-10-18T19:25:21","slug":"se-quejan-estudiantes-por-derribo-de-arboles","status":"publish","type":"post","link":"https:\/\/encuentroinformativo.com.mx\/?p=32777","title":{"rendered":"Se quejan estudiantes por derribo de \u00e1rboles"},"content":{"rendered":"\n<p><strong>Juan Arcos <\/strong><\/p>\n\n\n\n<p>Xalapa, Ver.- Estudiantes de la Unidad de Ciencias de la Salud de la Universidad Veracruzana (UV) denunciaron el derribo de \u00e1rboles en las \u00e1reas verdes de sus instalaciones, ubicadas en la unidad habitacional Del Bosque, en esta ciudad de Xalapa.<\/p>\n\n\n\n<p>Los alumnos se\u00f1alaron de manera an\u00f3nima que las autoridades acad\u00e9micas no informaron sobre la tala de los \u00e1rboles de entre diez y 15 metros de altura.<br>Dijeron desconocer si se llevaron a cabo estudios para determinar las condiciones de cada una de las jacarandas o pinos y eucaliptos.<\/p>\n\n\n\n<p>Durante un recorrido realizado en las \u00e1reas verdes de la Facultad de Medicina se constat\u00f3 que al menos cuatro \u00e1rboles hab\u00edan sido talados.<\/p>\n\n\n\n<p>Alrededor hab\u00eda un grupo de alumnos de dicha facultad que se organizaba para planear acciones en defensa de los mismos.\u00a0<br>Incluso, no descartaron encabezar manifestaciones para exigir a las autoridades que informen acerca del estado en que se encuentran los \u00e1rboles y, en caso de que representen un peligro contra la comunidad universitaria, aceptar su derribo.<\/p>\n\n\n\n<p>\u201cLa inconfundible fue llegar a la unidad y ver que los \u00e1rboles estuvieran talados sin tomar en cuenta a nadie. No estamos enterados de su es que se realiz\u00f3 alg\u00fan tipo de estudio\u201d, expresaron.<\/p>\n\n\n\n<figure class=\"wp-block-image size-large\"><img loading=\"lazy\" decoding=\"async\" width=\"1024\" height=\"768\" src=\"https:\/\/encuentroinformativo.com.mx\/wp-content\/uploads\/2022\/10\/5DEB3E6A-8A95-4AB5-AD72-93B2D3DFE10B-1024x768.jpeg\" alt=\"\" class=\"wp-image-32779\" srcset=\"https:\/\/encuentroinformativo.com.mx\/wp-content\/uploads\/2022\/10\/5DEB3E6A-8A95-4AB5-AD72-93B2D3DFE10B-1024x768.jpeg 1024w, https:\/\/encuentroinformativo.com.mx\/wp-content\/uploads\/2022\/10\/5DEB3E6A-8A95-4AB5-AD72-93B2D3DFE10B-300x225.jpeg 300w, https:\/\/encuentroinformativo.com.mx\/wp-content\/uploads\/2022\/10\/5DEB3E6A-8A95-4AB5-AD72-93B2D3DFE10B-768x576.jpeg 768w, https:\/\/encuentroinformativo.com.mx\/wp-content\/uploads\/2022\/10\/5DEB3E6A-8A95-4AB5-AD72-93B2D3DFE10B-1536x1152.jpeg 1536w, https:\/\/encuentroinformativo.com.mx\/wp-content\/uploads\/2022\/10\/5DEB3E6A-8A95-4AB5-AD72-93B2D3DFE10B.jpeg 2016w\" sizes=\"auto, (max-width: 1024px) 100vw, 1024px\" \/><\/figure>\n","protected":false},"excerpt":{"rendered":"<p>Juan Arcos Xalapa, Ver.- Estudiantes de la Unidad de Ciencias de la Salud de la Universidad Veracruzana (UV) denunciaron el derribo de \u00e1rboles en las \u00e1reas verdes de sus instalaciones, ubicadas en la unidad habitacional Del Bosque, en esta ciudad de Xalapa. Los alumnos se\u00f1alaron de manera an\u00f3nima que las autoridades acad\u00e9micas no informaron sobre [&hellip;]<\/p>\n","protected":false},"author":1,"featured_media":32778,"comment_status":"open","ping_status":"open","sticky":false,"template":"","format":"standard","meta":{"_jetpack_memberships_contains_paid_content":false,"footnotes":""},"categories":[3],"tags":[],"class_list":["post-32777","post","type-post","status-publish","format-standard","has-post-thumbnail","hentry","category-xalapa"],"jetpack_featured_media_url":"https:\/\/encuentroinformativo.com.mx\/wp-content\/uploads\/2022\/10\/A9306220-6D74-4FB1-A530-CCFEBF9F1D65.jpeg","jetpack_sharing_enabled":true,"jetpack_likes_enabled":true,"amp_enabled":true,"_links":{"self":[{"href":"https:\/\/encuentroinformativo.com.mx\/index.php?rest_route=\/wp\/v2\/posts\/32777","targetHints":{"allow":["GET"]}}],"collection":[{"href":"https:\/\/encuentroinformativo.com.mx\/index.php?rest_route=\/wp\/v2\/posts"}],"about":[{"href":"https:\/\/encuentroinformativo.com.mx\/index.php?rest_route=\/wp\/v2\/types\/post"}],"author":[{"embeddable":true,"href":"https:\/\/encuentroinformativo.com.mx\/index.php?rest_route=\/wp\/v2\/users\/1"}],"replies":[{"embeddable":true,"href":"https:\/\/encuentroinformativo.com.mx\/index.php?rest_route=%2Fwp%2Fv2%2Fcomments&post=32777"}],"version-history":[{"count":1,"href":"https:\/\/encuentroinformativo.com.mx\/index.php?rest_route=\/wp\/v2\/posts\/32777\/revisions"}],"predecessor-version":[{"id":32780,"href":"https:\/\/encuentroinformativo.com.mx\/index.php?rest_route=\/wp\/v2\/posts\/32777\/revisions\/32780"}],"wp:featuredmedia":[{"embeddable":true,"href":"https:\/\/encuentroinformativo.com.mx\/index.php?rest_route=\/wp\/v2\/media\/32778"}],"wp:attachment":[{"href":"https:\/\/encuentroinformativo.com.mx\/index.php?rest_route=%2Fwp%2Fv2%2Fmedia&parent=32777"}],"wp:term":[{"taxonomy":"category","embeddable":true,"href":"https:\/\/encuentroinformativo.com.mx\/index.php?rest_route=%2Fwp%2Fv2%2Fcategories&post=32777"},{"taxonomy":"post_tag","embeddable":true,"href":"https:\/\/encuentroinformativo.com.mx\/index.php?rest_route=%2Fwp%2Fv2%2Ftags&post=32777"}],"curies":[{"name":"wp","href":"https:\/\/api.w.org\/{rel}","templated":true}]}}