{"id":32781,"date":"2022-10-18T16:02:47","date_gmt":"2022-10-18T21:02:47","guid":{"rendered":"https:\/\/encuentroinformativo.com.mx\/?p=32781"},"modified":"2022-10-18T16:02:50","modified_gmt":"2022-10-18T21:02:50","slug":"subdireccion-de-movilidad-urbana-se-hara-cargo-de-parquimetros-en-veracruz-puerto","status":"publish","type":"post","link":"https:\/\/encuentroinformativo.com.mx\/?p=32781","title":{"rendered":"Subdirecci\u00f3n de Movilidad Urbana se har\u00e1 cargo de parqu\u00edmetros en Veracruz puerto"},"content":{"rendered":"\n<p><strong>Alejandro \u00c1vila<\/strong><\/p>\n\n\n\n<p>Veracruz, Ver.- La subdirecci\u00f3n de Movilidad Urbana del Ayuntamiento de Veracruz ser\u00e1 la encargada de administrar los parqu\u00edmetros a partir del pr\u00f3ximo 10 de noviembre.<\/p>\n\n\n\n<p>Esto fue aprobado este lunes 17 de octubre en la sesi\u00f3n de Cabildo, d\u00f3nde adem\u00e1s se se dijo que la direcci\u00f3n Tr\u00e1nsito Municipal ser\u00e1 qui\u00e9n los apoye para brindar un mejor servicio.<\/p>\n\n\n\n<p>Entre los acuerdos a los que se llegaron, es que el costo por hora para el uso de los estacion\u00f3metros seguir\u00e1 siendo de 8 pesos; y se estipul\u00f3 un m\u00e1ximo de media hora para retirar los &#8220;cangrejos&#8221; cuando un conductor haya excedido el l\u00edmite de tiempo, en caso de que el personal del Ayuntamiento no lo hagan el tiempo establecido, deber\u00e1 regresarle la mitad del costo de la multa.<\/p>\n\n\n\n<p>Si alg\u00fan conductor infraccionado no paga su multa en un lapso m\u00e1ximo de 24 horas, su unidad ser\u00e1 trasladada al &#8220;corral\u00f3n&#8221;.<\/p>\n\n\n\n<p>El costo de la multa por no pagar el uso de estacionamiento, es al momento de 192 pesos, y al menos hasta finalizar este a\u00f1o seguir\u00e1s siendo el mismo; aunque se presume que buscar\u00e1n reducir el monto final de la infracci\u00f3n.<\/p>\n","protected":false},"excerpt":{"rendered":"<p>Alejandro \u00c1vila Veracruz, Ver.- La subdirecci\u00f3n de Movilidad Urbana del Ayuntamiento de Veracruz ser\u00e1 la encargada de administrar los parqu\u00edmetros a partir del pr\u00f3ximo 10 de noviembre. Esto fue aprobado este lunes 17 de octubre en la sesi\u00f3n de Cabildo, d\u00f3nde adem\u00e1s se se dijo que la direcci\u00f3n Tr\u00e1nsito Municipal ser\u00e1 qui\u00e9n los apoye para [&hellip;]<\/p>\n","protected":false},"author":1,"featured_media":32782,"comment_status":"open","ping_status":"open","sticky":false,"template":"","format":"standard","meta":{"_jetpack_memberships_contains_paid_content":false,"footnotes":""},"categories":[2],"tags":[],"class_list":["post-32781","post","type-post","status-publish","format-standard","has-post-thumbnail","hentry","category-estado"],"jetpack_featured_media_url":"https:\/\/encuentroinformativo.com.mx\/wp-content\/uploads\/2022\/10\/D6294FEC-CD54-449D-94D8-3B2A14B31D3F.jpeg","jetpack_sharing_enabled":true,"jetpack_likes_enabled":true,"amp_enabled":true,"_links":{"self":[{"href":"https:\/\/encuentroinformativo.com.mx\/index.php?rest_route=\/wp\/v2\/posts\/32781","targetHints":{"allow":["GET"]}}],"collection":[{"href":"https:\/\/encuentroinformativo.com.mx\/index.php?rest_route=\/wp\/v2\/posts"}],"about":[{"href":"https:\/\/encuentroinformativo.com.mx\/index.php?rest_route=\/wp\/v2\/types\/post"}],"author":[{"embeddable":true,"href":"https:\/\/encuentroinformativo.com.mx\/index.php?rest_route=\/wp\/v2\/users\/1"}],"replies":[{"embeddable":true,"href":"https:\/\/encuentroinformativo.com.mx\/index.php?rest_route=%2Fwp%2Fv2%2Fcomments&post=32781"}],"version-history":[{"count":1,"href":"https:\/\/encuentroinformativo.com.mx\/index.php?rest_route=\/wp\/v2\/posts\/32781\/revisions"}],"predecessor-version":[{"id":32783,"href":"https:\/\/encuentroinformativo.com.mx\/index.php?rest_route=\/wp\/v2\/posts\/32781\/revisions\/32783"}],"wp:featuredmedia":[{"embeddable":true,"href":"https:\/\/encuentroinformativo.com.mx\/index.php?rest_route=\/wp\/v2\/media\/32782"}],"wp:attachment":[{"href":"https:\/\/encuentroinformativo.com.mx\/index.php?rest_route=%2Fwp%2Fv2%2Fmedia&parent=32781"}],"wp:term":[{"taxonomy":"category","embeddable":true,"href":"https:\/\/encuentroinformativo.com.mx\/index.php?rest_route=%2Fwp%2Fv2%2Fcategories&post=32781"},{"taxonomy":"post_tag","embeddable":true,"href":"https:\/\/encuentroinformativo.com.mx\/index.php?rest_route=%2Fwp%2Fv2%2Ftags&post=32781"}],"curies":[{"name":"wp","href":"https:\/\/api.w.org\/{rel}","templated":true}]}}