{"id":32784,"date":"2022-10-18T16:11:11","date_gmt":"2022-10-18T21:11:11","guid":{"rendered":"https:\/\/encuentroinformativo.com.mx\/?p=32784"},"modified":"2022-10-18T16:11:16","modified_gmt":"2022-10-18T21:11:16","slug":"descarta-ahued-denunciar-a-colonos-por-bloqueo-reitera-apertura-al-dialogo","status":"publish","type":"post","link":"https:\/\/encuentroinformativo.com.mx\/?p=32784","title":{"rendered":"Descarta Ahued denunciar a colonos por bloqueo; reitera apertura al di\u00e1logo"},"content":{"rendered":"\n<p><strong>Dar\u00edo Pale <\/strong><\/p>\n\n\n\n<p>Xalapa, Ver.- El presidente municipal de Xalapa, Ricardo Ahued Bardahuil dio a conocer que el Ayuntamiento no presentar\u00e1 denuncia en contra de la lideresa que bloque\u00f3 el bulevar Xalapa-Banderilla, de igual forma reiter\u00f3 que no permitir\u00e1 chantajes.<\/p>\n\n\n\n<p>En conferencia de prensa confirm\u00f3 que no interpondr\u00e1 denuncia contra la lideresa Arely Hern\u00e1ndez Alvarado, quien fue detenida por haber bloqueado el Bulevar Xalapa-Banderilla.<\/p>\n\n\n\n<p>&#8220;Yo no lo voy a hacer, me pidieron hace un momento que presente el Ayuntamiento denuncia y lo prohib\u00ed. Voy a ser paciente, si quiere platicar ella, los recibo nuevamente, pero no tap\u00e1ndome calles, con todo el respeto que me merece&#8221;, coment\u00f3.<\/p>\n\n\n\n<p>Ahued Bardahuil indic\u00f3 est\u00e1 abierto al di\u00e1logo: &#8220;Yo atiendo con todo gusto a Arely y al grupo como atendemos a todos, no importando preferencia pol\u00edtica o qui\u00e9n les de cuerda, yo tengo paciencia, ella me merece respeto, y yo pido lo mismo y la ciudad tambi\u00e9n&#8221;.<\/p>\n\n\n\n<p>Explic\u00f3 que la obra tiene que ver con una solicitud que se hizo a principios de a\u00f1o, donde la ciudadan\u00eda ped\u00eda una calle de cien metros con pavimento, agua y drenaje.<\/p>\n\n\n\n<p>&#8220;Le dije que s\u00ed, con todo gusto, como le digo a todos los ciudadanos, siempre y cuando me lo apruebe el cabildo y tengamos la fuente de recurso. A la hora que hicimos el levantamiento result\u00f3 que los 100 metros se convierten en tres cuadras, por una sola raz\u00f3n, donde tenemos que hacer la obra hidr\u00e1ulica sanitaria, hay que hacer agua y drenaje, pero el punto de conexi\u00f3n est\u00e1 dos cuadras hacia abajo, que me implica la ley o la norma, que haga la obra de drenaje sanitaria, tomas de agua y descarga sanitaria, si no, no le puedo pavimentar&#8221;, inform\u00f3.<\/p>\n\n\n\n<p>El alcalde coment\u00f3 que en la obra en lugar de 100 metros se hace de 400 y a pesar de que le dijo que se invertir\u00edan 2 millones de pesos, lo rechaz\u00f3 Arely Hern\u00e1ndez.<\/p>\n\n\n\n<p>&#8220;Me insult\u00f3. No s\u00e9 si tiene problemas con los de abajo, con los de arriba, o si nada m\u00e1s lidera a los de arriba y no a los de abajo, no es culpa de nosotros, yo atiendo a todos, as\u00ed sean de diferente grupo de colonos o pol\u00edticos&#8221;, acus\u00f3.<\/p>\n\n\n\n<p>Ahued Bardahuil indic\u00f3 que se cancel\u00f3 la obra, porque hab\u00eda tiempo l\u00edmite para subir los proyectos al PGI, para que la aprobaran y se hiciera integral.<\/p>\n\n\n\n<p>&#8220;Le dije, te hago ahorita eso y el a\u00f1o que viene, la pavimentaci\u00f3n de toda la zona, esto implica 2, m\u00e1s 4, 6 millones de pesos y no le pusimos ninguna objeci\u00f3n&#8221;, coment\u00f3.<\/p>\n\n\n\n<p>Por ello, dio a conocer que no puede hacer una calle a contentillo de alguien. Por lo que la obra est\u00e1 suspendida hasta el a\u00f1o que entra porque se debe hacer integral.\u00a0<\/p>\n\n\n\n<p>Finalmente dio a conocer que, &#8220;yo quiero que ella est\u00e9 bien, que su gente est\u00e9 bien, se le atiende, se le respeta&#8221;.<\/p>\n","protected":false},"excerpt":{"rendered":"<p>Dar\u00edo Pale Xalapa, Ver.- El presidente municipal de Xalapa, Ricardo Ahued Bardahuil dio a conocer que el Ayuntamiento no presentar\u00e1 denuncia en contra de la lideresa que bloque\u00f3 el bulevar Xalapa-Banderilla, de igual forma reiter\u00f3 que no permitir\u00e1 chantajes. En conferencia de prensa confirm\u00f3 que no interpondr\u00e1 denuncia contra la lideresa Arely Hern\u00e1ndez Alvarado, quien [&hellip;]<\/p>\n","protected":false},"author":1,"featured_media":32785,"comment_status":"open","ping_status":"open","sticky":false,"template":"","format":"standard","meta":{"_jetpack_memberships_contains_paid_content":false,"footnotes":""},"categories":[3],"tags":[],"class_list":["post-32784","post","type-post","status-publish","format-standard","has-post-thumbnail","hentry","category-xalapa"],"jetpack_featured_media_url":"https:\/\/encuentroinformativo.com.mx\/wp-content\/uploads\/2022\/10\/8801CA5F-DDE6-4DB1-9E00-31C31350A4B4.jpeg","jetpack_sharing_enabled":true,"jetpack_likes_enabled":true,"amp_enabled":true,"_links":{"self":[{"href":"https:\/\/encuentroinformativo.com.mx\/index.php?rest_route=\/wp\/v2\/posts\/32784","targetHints":{"allow":["GET"]}}],"collection":[{"href":"https:\/\/encuentroinformativo.com.mx\/index.php?rest_route=\/wp\/v2\/posts"}],"about":[{"href":"https:\/\/encuentroinformativo.com.mx\/index.php?rest_route=\/wp\/v2\/types\/post"}],"author":[{"embeddable":true,"href":"https:\/\/encuentroinformativo.com.mx\/index.php?rest_route=\/wp\/v2\/users\/1"}],"replies":[{"embeddable":true,"href":"https:\/\/encuentroinformativo.com.mx\/index.php?rest_route=%2Fwp%2Fv2%2Fcomments&post=32784"}],"version-history":[{"count":1,"href":"https:\/\/encuentroinformativo.com.mx\/index.php?rest_route=\/wp\/v2\/posts\/32784\/revisions"}],"predecessor-version":[{"id":32786,"href":"https:\/\/encuentroinformativo.com.mx\/index.php?rest_route=\/wp\/v2\/posts\/32784\/revisions\/32786"}],"wp:featuredmedia":[{"embeddable":true,"href":"https:\/\/encuentroinformativo.com.mx\/index.php?rest_route=\/wp\/v2\/media\/32785"}],"wp:attachment":[{"href":"https:\/\/encuentroinformativo.com.mx\/index.php?rest_route=%2Fwp%2Fv2%2Fmedia&parent=32784"}],"wp:term":[{"taxonomy":"category","embeddable":true,"href":"https:\/\/encuentroinformativo.com.mx\/index.php?rest_route=%2Fwp%2Fv2%2Fcategories&post=32784"},{"taxonomy":"post_tag","embeddable":true,"href":"https:\/\/encuentroinformativo.com.mx\/index.php?rest_route=%2Fwp%2Fv2%2Ftags&post=32784"}],"curies":[{"name":"wp","href":"https:\/\/api.w.org\/{rel}","templated":true}]}}