{"id":32814,"date":"2022-10-18T21:05:18","date_gmt":"2022-10-19T02:05:18","guid":{"rendered":"https:\/\/encuentroinformativo.com.mx\/?p=32814"},"modified":"2022-10-18T21:05:30","modified_gmt":"2022-10-19T02:05:30","slug":"tras-fuerte-lluvia-policia-municipal-encuentra-a-obrero-apunalado-en-colonia-tuxpan","status":"publish","type":"post","link":"https:\/\/encuentroinformativo.com.mx\/?p=32814","title":{"rendered":"Tras fuerte lluvia Polic\u00eda Municipal encuentra a obrero apu\u00f1alado en colonia Tuxpan"},"content":{"rendered":"\n<p><strong>Alejandro \u00c1vila<\/strong><\/p>\n\n\n\n<p>Tuxpan, Ver.- Tras la torrencial lluvia que se registr\u00f3 la ma\u00f1ana de este martes en el municipio de Tuxpan, la Polic\u00eda Municipal recibi\u00f3 el reporte de un hombre que yac\u00eda sobre la avenida Los Mangos en la colonia Las Palmas.<\/p>\n\n\n\n<p>Los elementos policiales que llegaron al sitio dieron cuenta de que el hombre se encontraba sin signos vitales, tras haber recibido dos pu\u00f1aladas, por lo que acordonaron el \u00e1rea y dieron aviso a la Polic\u00eda Ministerial, para que estos llevar\u00e1n el cuerpo al Servicio M\u00e9dico Forense.<\/p>\n\n\n\n<p>El sujeto fallecido fue identificado como El\u00edas F. T. de 26 a\u00f1os, quien era de ocupaci\u00f3n obrero y ten\u00eda su domicilio en la misma colonia Las Palmas, se presume que antes del incidente se dirig\u00eda a su trabajo.<\/p>\n\n\n\n<p>Peritos criminalistas y Polic\u00edas Ministeriales tomaron conocimiento de lo sucedido y enviaron el cad\u00e1ver a las instalaciones del SEMEFO donde se realiz\u00f3 la necropsia de ley y se determin\u00f3 que las dos heridas le privaron la vida.<\/p>\n","protected":false},"excerpt":{"rendered":"<p>Alejandro \u00c1vila Tuxpan, Ver.- Tras la torrencial lluvia que se registr\u00f3 la ma\u00f1ana de este martes en el municipio de Tuxpan, la Polic\u00eda Municipal recibi\u00f3 el reporte de un hombre que yac\u00eda sobre la avenida Los Mangos en la colonia Las Palmas. Los elementos policiales que llegaron al sitio dieron cuenta de que el hombre [&hellip;]<\/p>\n","protected":false},"author":1,"featured_media":32815,"comment_status":"open","ping_status":"open","sticky":false,"template":"","format":"standard","meta":{"_jetpack_memberships_contains_paid_content":false,"footnotes":""},"categories":[14],"tags":[],"class_list":["post-32814","post","type-post","status-publish","format-standard","has-post-thumbnail","hentry","category-policiaca"],"jetpack_featured_media_url":"https:\/\/encuentroinformativo.com.mx\/wp-content\/uploads\/2022\/10\/47B19EAB-6C39-4149-938B-8712F3A798F0.jpeg","jetpack_sharing_enabled":true,"jetpack_likes_enabled":true,"amp_enabled":true,"_links":{"self":[{"href":"https:\/\/encuentroinformativo.com.mx\/index.php?rest_route=\/wp\/v2\/posts\/32814","targetHints":{"allow":["GET"]}}],"collection":[{"href":"https:\/\/encuentroinformativo.com.mx\/index.php?rest_route=\/wp\/v2\/posts"}],"about":[{"href":"https:\/\/encuentroinformativo.com.mx\/index.php?rest_route=\/wp\/v2\/types\/post"}],"author":[{"embeddable":true,"href":"https:\/\/encuentroinformativo.com.mx\/index.php?rest_route=\/wp\/v2\/users\/1"}],"replies":[{"embeddable":true,"href":"https:\/\/encuentroinformativo.com.mx\/index.php?rest_route=%2Fwp%2Fv2%2Fcomments&post=32814"}],"version-history":[{"count":1,"href":"https:\/\/encuentroinformativo.com.mx\/index.php?rest_route=\/wp\/v2\/posts\/32814\/revisions"}],"predecessor-version":[{"id":32816,"href":"https:\/\/encuentroinformativo.com.mx\/index.php?rest_route=\/wp\/v2\/posts\/32814\/revisions\/32816"}],"wp:featuredmedia":[{"embeddable":true,"href":"https:\/\/encuentroinformativo.com.mx\/index.php?rest_route=\/wp\/v2\/media\/32815"}],"wp:attachment":[{"href":"https:\/\/encuentroinformativo.com.mx\/index.php?rest_route=%2Fwp%2Fv2%2Fmedia&parent=32814"}],"wp:term":[{"taxonomy":"category","embeddable":true,"href":"https:\/\/encuentroinformativo.com.mx\/index.php?rest_route=%2Fwp%2Fv2%2Fcategories&post=32814"},{"taxonomy":"post_tag","embeddable":true,"href":"https:\/\/encuentroinformativo.com.mx\/index.php?rest_route=%2Fwp%2Fv2%2Ftags&post=32814"}],"curies":[{"name":"wp","href":"https:\/\/api.w.org\/{rel}","templated":true}]}}