{"id":32823,"date":"2022-10-19T09:33:57","date_gmt":"2022-10-19T14:33:57","guid":{"rendered":"https:\/\/encuentroinformativo.com.mx\/?p=32823"},"modified":"2022-10-19T09:34:01","modified_gmt":"2022-10-19T14:34:01","slug":"habitantes-de-la-zona-rural-tienen-problemas-con-actas-de-nacimiento","status":"publish","type":"post","link":"https:\/\/encuentroinformativo.com.mx\/?p=32823","title":{"rendered":"Habitantes de la zona rural tienen problemas con actas de nacimiento"},"content":{"rendered":"\n<p><strong>Alejandro \u00c1vila<\/strong><\/p>\n\n\n\n<p>Veracruz, Ver.- Aproximadamente 15 de cada 20 personas que viven en las diversas localidades de la zona rural del municipio de Veracruz tienen problemas con su acta de nacimiento, mencion\u00f3 la regidora, Belem Palmeros Exsome.<\/p>\n\n\n\n<p>&#8220;Desgraciadamente el porcentaje es alt\u00edsimo, de reuniones que hemos tenido con 20 personas 15 han salido con ese tema&#8221;, subray\u00f3.<\/p>\n\n\n\n<p>Los problemas, explic\u00f3 la edil priista, son varios; una mujer compart\u00eda acta de nacimiento con su hermana; otra fue registrada \u00fanicamente por su madre por lo que solamente contaba con un apellido; a otra mujer le cambiaron la letra inicial de su nombre, de S por Z.<\/p>\n\n\n\n<p>&#8220;Son temas donde las personas han tenido que ir varias veces al Registro Civil, han pagado el cambio de las actas y sigue sin salir. Entonces, en todas est\u00e1s reuniones que hemos hecho por la zona rural nos han dicho que tienen este problema con las actas, entonces, yo como regidora 13 con la comisi\u00f3n de G\u00e9nero, para m\u00ed lo primordial es tener la igualdad de derechos entre hombres y mujeres&#8221;, apunt\u00f3.<\/p>\n\n\n\n<p>Palmeros Exsome record\u00f3 que muchas de las mujeres de la zona rural son jefas de familia, y al tener ellas mal su acta de nacimiento, por consecuencia sus hijos tambi\u00e9n la tienen mal; adem\u00e1s de que no han podido acceder a apoyos de programas sociales a nivel municipal, estatal y federal.<\/p>\n\n\n\n<p>En el caso de los hombres, han tenido problemas para realizar su Servicio Militar, tramitar la CURP, el INE, licencia de conducir y pasaporte.<\/p>\n\n\n\n<p>&#8220;Es una cadenita que, si no tienes bien el acta de nacimiento, no tienes bien los dem\u00e1s documentos oficiales (\u2026) esta es la primera etapa, porque en todas las reuniones que hemos tenido en la zona rural ha detonado el problema que tienen con el Registro Civil, vamos a seguir, nos falta muchas otras comunidades, nos falta Cabo Verde, San Juli\u00e1n, Santa Fe, en muchas zonas donde ha detonado el mismo tema, y vamos a seguir entregando&#8221;, remarc\u00f3.<\/p>\n\n\n\n<p>Est\u00e1 martes por la tarde, la regidora Belem Palmeros Exsome entreg\u00f3 las primeras actas de nacimiento a las mujeres de la localidad de Santa Rita.<\/p>\n","protected":false},"excerpt":{"rendered":"<p>Alejandro \u00c1vila Veracruz, Ver.- Aproximadamente 15 de cada 20 personas que viven en las diversas localidades de la zona rural del municipio de Veracruz tienen problemas con su acta de nacimiento, mencion\u00f3 la regidora, Belem Palmeros Exsome. &#8220;Desgraciadamente el porcentaje es alt\u00edsimo, de reuniones que hemos tenido con 20 personas 15 han salido con ese [&hellip;]<\/p>\n","protected":false},"author":1,"featured_media":32824,"comment_status":"open","ping_status":"open","sticky":false,"template":"","format":"standard","meta":{"_jetpack_memberships_contains_paid_content":false,"footnotes":""},"categories":[2],"tags":[],"class_list":["post-32823","post","type-post","status-publish","format-standard","has-post-thumbnail","hentry","category-estado"],"jetpack_featured_media_url":"https:\/\/encuentroinformativo.com.mx\/wp-content\/uploads\/2022\/10\/20CB7A6A-A00E-4ACE-A722-166D05FB6A5D.jpeg","jetpack_sharing_enabled":true,"jetpack_likes_enabled":true,"amp_enabled":true,"_links":{"self":[{"href":"https:\/\/encuentroinformativo.com.mx\/index.php?rest_route=\/wp\/v2\/posts\/32823","targetHints":{"allow":["GET"]}}],"collection":[{"href":"https:\/\/encuentroinformativo.com.mx\/index.php?rest_route=\/wp\/v2\/posts"}],"about":[{"href":"https:\/\/encuentroinformativo.com.mx\/index.php?rest_route=\/wp\/v2\/types\/post"}],"author":[{"embeddable":true,"href":"https:\/\/encuentroinformativo.com.mx\/index.php?rest_route=\/wp\/v2\/users\/1"}],"replies":[{"embeddable":true,"href":"https:\/\/encuentroinformativo.com.mx\/index.php?rest_route=%2Fwp%2Fv2%2Fcomments&post=32823"}],"version-history":[{"count":1,"href":"https:\/\/encuentroinformativo.com.mx\/index.php?rest_route=\/wp\/v2\/posts\/32823\/revisions"}],"predecessor-version":[{"id":32825,"href":"https:\/\/encuentroinformativo.com.mx\/index.php?rest_route=\/wp\/v2\/posts\/32823\/revisions\/32825"}],"wp:featuredmedia":[{"embeddable":true,"href":"https:\/\/encuentroinformativo.com.mx\/index.php?rest_route=\/wp\/v2\/media\/32824"}],"wp:attachment":[{"href":"https:\/\/encuentroinformativo.com.mx\/index.php?rest_route=%2Fwp%2Fv2%2Fmedia&parent=32823"}],"wp:term":[{"taxonomy":"category","embeddable":true,"href":"https:\/\/encuentroinformativo.com.mx\/index.php?rest_route=%2Fwp%2Fv2%2Fcategories&post=32823"},{"taxonomy":"post_tag","embeddable":true,"href":"https:\/\/encuentroinformativo.com.mx\/index.php?rest_route=%2Fwp%2Fv2%2Ftags&post=32823"}],"curies":[{"name":"wp","href":"https:\/\/api.w.org\/{rel}","templated":true}]}}