{"id":32832,"date":"2022-10-19T09:44:30","date_gmt":"2022-10-19T14:44:30","guid":{"rendered":"https:\/\/encuentroinformativo.com.mx\/?p=32832"},"modified":"2022-10-19T09:44:33","modified_gmt":"2022-10-19T14:44:33","slug":"disenadores-mexicanos-traen-a-veracruz-el-weekend-in-fashion","status":"publish","type":"post","link":"https:\/\/encuentroinformativo.com.mx\/?p=32832","title":{"rendered":"Dise\u00f1adores mexicanos traen a Veracruz el Weekend In Fashion"},"content":{"rendered":"\n<p><strong>Alejandro \u00c1vila<\/strong><\/p>\n\n\n\n<p>Veracruz, Ver.- Un adelanto de la Primavera del 2023 es lo que se mostrar\u00e1 en la gala de moda <em>Weekend In Fashion M\u00e9xico 2022 <\/em>que se realizar\u00e1 el jueves 20 de octubre a las 20:00 horas en el Hotel Galer\u00eda Plaza Veracruz.<\/p>\n\n\n\n<p>Modelos de Factory Fashion M\u00e9xico desfilar\u00e1n sobre la pasarela con las nuevas tendencias Primavera 2023 de tres reconocidos dise\u00f1adores nacionales con proyecci\u00f3n internacional.<\/p>\n\n\n\n<p>Claudia Ortiz Hern\u00e1ndez, directora de Factory Fashion M\u00e9xico y coordinadora general del Weekend In Fashion M\u00e9xico 2023 comenta que el objetivo en continuar posicionando a Veracruz como un referente de la moda, con dise\u00f1adores del estado as\u00ed como de otras latitudes nacionales, pero con proyecci\u00f3n internacional.<\/p>\n\n\n\n<p>DISE\u00d1ADORES<\/p>\n\n\n\n<p>JOSSE OLIVARES es la marca hom\u00f3nima del dise\u00f1ador mexicano, la cual se enfoca en romper con las nociones de g\u00e9nero tradicionales y del modelo de \u201cFast-Fashion\u201d creando una colecci\u00f3n anual atemporal.<\/p>\n\n\n\n<p>En esta ocasi\u00f3n nos presenta una colecci\u00f3n con prendas monocrom\u00e1ticas, siluetas amplias y un patronaje que le permite al portador acomodar las prendas de distintas maneras para crear una prenda diferente.<\/p>\n\n\n\n<p>P\u00daRPURA MIXTECO es una marca 100 por ciento mexicana de dise\u00f1o artesanal y contempor\u00e1neo que busca la inclusi\u00f3n, preservaci\u00f3n y reconocimiento de las tradiciones y cultura de los pueblos originarios de Oaxaca, a trav\u00e9s de la elaboraci\u00f3n de prendas artesanales con dise\u00f1os \u00fanicos e irrepetibles.<\/p>\n\n\n\n<p>Es una marca de moda de dise\u00f1o mexicano contempor\u00e1neo que originalmente nace en Oaxaca en donde implementamos lo ancestral con lo moderno. P\u00farpura Mixteco hace una fusi\u00f3n entre lo artesanal y el dise\u00f1o moderno enfocado al p\u00fablico que aprecie la moda actual y el dise\u00f1o mexicano.<\/p>\n\n\n\n<p>VIANET COVARRUBIAS: Su colecci\u00f3n Resort 2022 ATIPICO es una celebraci\u00f3n a los or\u00edgenes de la indumentaria veracruzana,&nbsp; fusionando la arte nost\u00e1lgico&nbsp; de Cuba y la pasi\u00f3n elegante del flamenco; representados por la neutralidad&nbsp; de los tonos monocrom\u00e1ticos, la&nbsp; energ\u00eda del carm\u00edn y los brillos de los atardeceres del&nbsp; tr\u00f3pico.&nbsp;&nbsp;<\/p>\n\n\n\n<p>Las prendas son cl\u00e1sicas de cortes limpios y puros, d\u00f3nde la personalidad de los outfits emanan un lujo por la comodidad, una&nbsp; simpleza elegante y una&nbsp; fuerza&nbsp; en los&nbsp; claros y&nbsp; oscuros de las tonalidades.&nbsp; Est\u00e1 colecci\u00f3n va dirigida a la&nbsp; originalidad, personalidad&nbsp; y car\u00e1cter&nbsp; peculiar de todos nosotros, d\u00f3nde lo m\u00e1s importante no es vestir, si no resaltar la belleza \u00fanica que nos distinguen individualmente.<\/p>\n\n\n\n<p>NOVIA ET\u00c9REA es una marca que busca resaltar la belleza y emoci\u00f3n femenina a trav\u00e9s de accesorios atemporales, especialmente elaborados a mano, \u00e9stos muestran su versatilidad al ser usados como tiaras, collares, brazaletes, tobilleras y cinturones.<\/p>\n","protected":false},"excerpt":{"rendered":"<p>Alejandro \u00c1vila Veracruz, Ver.- Un adelanto de la Primavera del 2023 es lo que se mostrar\u00e1 en la gala de moda Weekend In Fashion M\u00e9xico 2022 que se realizar\u00e1 el jueves 20 de octubre a las 20:00 horas en el Hotel Galer\u00eda Plaza Veracruz. Modelos de Factory Fashion M\u00e9xico desfilar\u00e1n sobre la pasarela con las [&hellip;]<\/p>\n","protected":false},"author":1,"featured_media":32833,"comment_status":"open","ping_status":"open","sticky":false,"template":"","format":"standard","meta":{"_jetpack_memberships_contains_paid_content":false,"footnotes":""},"categories":[2],"tags":[],"class_list":["post-32832","post","type-post","status-publish","format-standard","has-post-thumbnail","hentry","category-estado"],"jetpack_featured_media_url":"https:\/\/encuentroinformativo.com.mx\/wp-content\/uploads\/2022\/10\/D77FA89D-420A-477D-B0C8-01AE82B4E86A.jpeg","jetpack_sharing_enabled":true,"jetpack_likes_enabled":true,"amp_enabled":true,"_links":{"self":[{"href":"https:\/\/encuentroinformativo.com.mx\/index.php?rest_route=\/wp\/v2\/posts\/32832","targetHints":{"allow":["GET"]}}],"collection":[{"href":"https:\/\/encuentroinformativo.com.mx\/index.php?rest_route=\/wp\/v2\/posts"}],"about":[{"href":"https:\/\/encuentroinformativo.com.mx\/index.php?rest_route=\/wp\/v2\/types\/post"}],"author":[{"embeddable":true,"href":"https:\/\/encuentroinformativo.com.mx\/index.php?rest_route=\/wp\/v2\/users\/1"}],"replies":[{"embeddable":true,"href":"https:\/\/encuentroinformativo.com.mx\/index.php?rest_route=%2Fwp%2Fv2%2Fcomments&post=32832"}],"version-history":[{"count":1,"href":"https:\/\/encuentroinformativo.com.mx\/index.php?rest_route=\/wp\/v2\/posts\/32832\/revisions"}],"predecessor-version":[{"id":32834,"href":"https:\/\/encuentroinformativo.com.mx\/index.php?rest_route=\/wp\/v2\/posts\/32832\/revisions\/32834"}],"wp:featuredmedia":[{"embeddable":true,"href":"https:\/\/encuentroinformativo.com.mx\/index.php?rest_route=\/wp\/v2\/media\/32833"}],"wp:attachment":[{"href":"https:\/\/encuentroinformativo.com.mx\/index.php?rest_route=%2Fwp%2Fv2%2Fmedia&parent=32832"}],"wp:term":[{"taxonomy":"category","embeddable":true,"href":"https:\/\/encuentroinformativo.com.mx\/index.php?rest_route=%2Fwp%2Fv2%2Fcategories&post=32832"},{"taxonomy":"post_tag","embeddable":true,"href":"https:\/\/encuentroinformativo.com.mx\/index.php?rest_route=%2Fwp%2Fv2%2Ftags&post=32832"}],"curies":[{"name":"wp","href":"https:\/\/api.w.org\/{rel}","templated":true}]}}