{"id":32835,"date":"2022-10-19T09:48:23","date_gmt":"2022-10-19T14:48:23","guid":{"rendered":"https:\/\/encuentroinformativo.com.mx\/?p=32835"},"modified":"2022-10-19T09:48:27","modified_gmt":"2022-10-19T14:48:27","slug":"deberian-reconsiderar-lo-del-uber-en-veracruz","status":"publish","type":"post","link":"https:\/\/encuentroinformativo.com.mx\/?p=32835","title":{"rendered":"DEBER\u00cdAN RECONSIDERAR LO DEL UBER EN VERACRUZ"},"content":{"rendered":"\n<p><strong>ColumnaSinNombre<br>@pablojair<\/strong><\/p>\n\n\n\n<ul class=\"wp-block-list\"><li>Prohibida explotaci\u00f3n de mam\u00edferos marinos: Rosamary<\/li><li>\u00bfNo ser\u00e1 otro de esos retos babosos del TikTok?<\/li><li>Acelerar\u00e1n rehabilitaci\u00f3n de la carretera Coatza-Mina<\/li><li>Se tardaron, pero desalojaron.<\/li><\/ul>\n\n\n\n<p>Que a Do\u00f1a Delia le podr\u00eda pasar<br>lo mismo que a Do\u00f1a Chofi, dicen<br>\u2014Chopenjawer<\/p>\n\n\n\n<p>Llegamos el viernes a M\u00e9rida, Yucat\u00e1n, sin saber nada del lugar. Un gran aliviane fue la aplicaci\u00f3n Uber (y no, no me est\u00e1n dando ni un quinto) pues al no conocer la capital yucateca, la verdad era necesario desplazarse con cierto ritmo acelerado que permitieron estos 4 d\u00edas de permiso.<\/p>\n\n\n\n<p>De entrada, el primer d\u00eda conocimos el porqu\u00e9 tuvo \u00e9xito esta aplicaci\u00f3n en la hermosa ciudad: hay mucho extranjero, mucho visitante, mucha derrama de turismo\u2026 y porque se la \u201cjalan\u201d los taxis convencionales, especialmente los \u201cblancos\u201d, afiliados a un sindicato conocido como Frente \u00danico de Trabajadores del Volante (FUTV). Del hotel donde est\u00e1bamos \u2014cerca del aeropuerto\u2014 al famoso Paseo Montejo, nos cobr\u00f3 120 pesos y todav\u00eda quer\u00eda sacar m\u00e1s con \u201cviajes tur\u00edsticos\u201d. El Uber marcaba 90 pesos.<\/p>\n\n\n\n<p>El FUTV, seg\u00fan me relata un chofer, es un sindicato que en tiempos del PRI en Yucat\u00e1n fue muy poderoso e intocable. Son los que todav\u00eda controlan los taxis, las camionetas de transporte p\u00fablico y hasta las carretas conocidas como calesas, que son tiradas por caballos, que si bien son como \u201ctradicionales\u201d, ya las nuevas generaciones de yucatecos est\u00e1n pidiendo que terminen esos paseos por maltrato animal. Cuentan, por ejemplo, que pese al solazo intenso y el calor, ah\u00ed est\u00e1n los animalitos parados y arrastrando gente; incluso algunos se han muerto por el agotamiento.<\/p>\n\n\n\n<p>A la llegada del PAN al poder en Yucat\u00e1n, el FUTV perdi\u00f3 influencia, pero sigue controlando buena parte del transporte p\u00fablico. Cuando entr\u00f3 Uber pas\u00f3 lo mismo que en otras partes: al puro estilo mafioso, los taxistas adheridos a sindicatos golpeaban a los choferes o a sabotearlos en sus rutas, hasta que finalmente el Gobierno del Estado meti\u00f3 orden y dej\u00f3 que operara la aplicaci\u00f3n bajo acuerdos entre los que se incluye el pago de impuestos y no meterse en algunas \u00e1reas como el aeropuerto de M\u00e9rida, a donde s\u00f3lo tienen permitido dejar pasaje.<\/p>\n\n\n\n<p>Al paso del tiempo, los due\u00f1os de los taxis se dieron cuenta que tambi\u00e9n pod\u00edan usar flotillas con la plataforma de Uber y ser parte de otra opci\u00f3n de transporte p\u00fablico al usuario que quiz\u00e1s (mamilas como yo) ya est\u00e1n cansados de las chatarras apestosas e inc\u00f3modas que abundan por taxi.<\/p>\n\n\n\n<p>La verdad uno se queda pensando cu\u00e1l ser\u00eda el verdadero argumento de peso para impedir que opere Uber en Xalapa o la zona conurbada Veracruz-Boca del R\u00edo.<\/p>\n\n\n\n<p>O sea, uno de entrada se sabe que es porque no quieren perder esos votos y acarreos que realizan los taxistas en tiempos de elecciones\u2026 y no se ve otro motivo real, porque eso de qu\u00e9 hay mucho taxi, pues tambi\u00e9n en Merida hay un buen: est\u00e1n los del FUTV, y otros conocidos como los \u201camarillos\u201d, los \u201cverdes\u201d, los \u201crosas\u201d, de otras organizaciones. En el caso de Yucat\u00e1n, el Gobierno no se amedrent\u00f3 o dej\u00f3 seducir por la organizaci\u00f3n de taxistas para eliminar a la competencia de esas organizaciones.<\/p>\n\n\n\n<p>Mire: as\u00ed como uno lleg\u00f3 a un lugar sin conocerlo, un parote fue tener la aplicaci\u00f3n para movilizarse dentro de la ciudad, sin tener que lidiar que con el cambio, que con el efectivo, que para all\u00e1 no voy, que te cobro tanto, etc. Solicitas, viajas y ya.<\/p>\n\n\n\n<p>Tampoco es que Uber sea perfecto: nos tocaron al menos un par de unidades sin clima (pese a haberlo solicitado, y cr\u00e9ame, el sofocante bochorno de M\u00e9rida lo demanda), uno sucio y la tardanza en contestar fue algo desesperante al menos en un caso. Tampoco est\u00e1 chido eso de que cambien la tarifa de acuerdo a la demanda, pero pues uno ya sabe a lo que se atiene.<\/p>\n\n\n\n<p>En Veracruz es sabido que hay muchos taxis, pues muchas placas se regalaron durante el priato como chicles Yucat\u00e1n en aras de ganar favores pol\u00edticos y votos. De entrada, se sabe que en el actual gobierno de Cuitl\u00e1huac Garc\u00eda Jim\u00e9nez no se han dado ya m\u00e1s concesiones (lo que es bueno), pero tampoco permiten la llegada de otras opciones de transporte p\u00fablico para los usuarios, quienes son los que finalmente deber\u00edan decidir.<\/p>\n\n\n\n<p>Es bastante contradictorio que se diga que en Veracruz est\u00e1n prohibidas las aplicaciones, porque todo mundo sabe que se usa en Xalapa una conocida como InDriver, pero como \u00e9sta tambi\u00e9n la utilizan los taxistas, pues no les dicen nada y no la hacen de flatulencia. (Es curioso, pero me ha tocado pedir viajes con esa aplicaci\u00f3n y nunca llegan taxistas, pero cuando lo hacen amigas por uno, de volada como moscas ah\u00ed andan de ofrecidos).<\/p>\n\n\n\n<p>As\u00ed como es la Cuarta Transformeishion de tajante, es probable que en el resto de este sexenio no llegue dicha aplicaci\u00f3n; y si llega, pasar\u00eda lo mismo: los mafiosos de las organizaciones sindicales y sindicatos charros se pondr\u00edan a lloriquear porque dicen que les est\u00e1n quitando la chamba, mientras hacen chamba sucia con los que consideran \u2014muy a su parecer\u2014 que son competencia desleal.<\/p>\n\n\n\n<p>Ojal\u00e1 se reconsiderara la entrada de aplicaciones y se pensara m\u00e1s a favor del usuario de transporte, en vez de consentir a los que se supone ya no deber\u00edan ser tolerados como si estuvi\u00e9semos en el priato.<\/p>\n\n\n\n<p><strong>NOTA PARA PEGAR EN EL REFRI: <\/strong>Fue aprobado el decreto por el que se reforma y adiciona el art\u00edculo 60 Bis de la Ley General de La Vida Silvestre, que tiene como objetivo prohibir la utilizaci\u00f3n de mam\u00edferos marinos en espect\u00e1culos fijos o itinerantes y en cualquier actividad, inform\u00f3 la diputada federal de Morena por Veracruz, Rosa Mar\u00eda Hern\u00e1ndez Espejo\u2026 Fue en el pleno de la C\u00e1mara de Diputados, en sesi\u00f3n ordinaria donde se discuti\u00f3 el documento que tuvo como resultado 331 votos a favor, 17 en contra y 125 en abstenci\u00f3n, y que proh\u00edbe la captura y manipulaci\u00f3n de las especies marinas, que no sea m\u00e1s que con el objetivo de la investigaci\u00f3n cient\u00edfica o tenga prop\u00f3sitos de ense\u00f1anza, para su conservaci\u00f3n y preservaci\u00f3n\u2026 Hern\u00e1ndez Espejo explic\u00f3 que de esta manera queda prohibida la reproducci\u00f3n de ejemplares de mam\u00edferos marinos bajo manejo intensivo cuya finalidad, no sea la reintroducci\u00f3n, la repoblaci\u00f3n o la traslocaci\u00f3n de los mismos\u2026 La representante del Distrito 4 de Veracruz, manifest\u00f3 que as\u00ed se lograr\u00e1 el trato digno y respetuoso hacia los mam\u00edferos marinos que hoy en d\u00eda forman parte de espect\u00e1culos, en los cuales son adiestrados y sometidos a conductas contrarias a su propia naturaleza\u2026 \u201cBuscamos claramente que se regulen las actividades de reproducci\u00f3n de ejemplares de mam\u00edferos marinos a fin de evitar su explotaci\u00f3n y maltrato. Tambi\u00e9n se fomenta que la poblaci\u00f3n desarrolle y fortalezca una cultura de respeto y trato digno hacia los animales\u201d, indic\u00f3 la legisladora porte\u00f1a.<\/p>\n\n\n\n<p><strong>OTRA NOTA: <\/strong>Ahora con lo de alumnos intoxicados en Chiapas y ahora en \u00c1lamo, Veracruz, uno se pregunta si tanta coincidencia no ser\u00e1 por alguno de esos \u201cretos\u201d babosos que abundan en internet y que se difunden en plataformas de la chaviza, pues es mucha coincidencia que est\u00e9 sucediendo eso en grupos grandes de alumnos\u2026 Hasta ayer, seg\u00fan el secretario de Educaci\u00f3n Zenyazen Escobar, son 40 los alumnos de la escuela secundaria T\u00e9cnica Industrial n\u00famero 67 del municipio de \u00c1lamo, los que fueron hospitalizados por tener s\u00edntomas de una posible intoxicaci\u00f3n\u2026 Durante entrevista exclusiva con las periodistas Karla M\u00e9ndez y Samantha Ortega, el titular de la SEV se\u00f1al\u00f3 que derivado de lo ocurrido en los planteles educativos de Chiapas, en Veracruz a los adolescentes se les practic\u00f3 un examen toxicol\u00f3gico para poder determinar qu\u00e9 fue lo que pudo ocasionar el malestar. En ese sentido, explic\u00f3 que lo primero que la Secretar\u00eda hizo fue investigar en la escuela si los alumnos hab\u00edan consumido alg\u00fan alimento o bebida de la cooperativa escolar, sin embargo se descart\u00f3 por completo\u2026 De igual manera, Escobar Garc\u00eda lament\u00f3 que previo a la hospitalizaci\u00f3n y revisi\u00f3n de los menores, haya habido declaraciones sobre que lo que les hab\u00eda pasado era una &#8220;insolaci\u00f3n&#8221; y malestar por haber acudido al acto c\u00edvico muy temprano y sin desayunar.<\/p>\n\n\n\n<p><strong>OTRA NOTA EXTRA: <\/strong>Este lunes, durante la \u201cma\u00f1anera\u201d de Palacio Nacional, Jorge Nu\u00f1o Lara, como encargado de despacho de la SICT, hizo un recuento de logros del sector comunicaciones y destac\u00f3 cuatro obras concluidas este d\u00eda en Veracruz, Oaxaca, Sonora y Tabasco\u2026 En el caso del territorio jarocho, habl\u00f3 de la Carretera Federal MEX-180, tramo J\u00e1ltipan-Acayucan, subtramo kil\u00f3metro 51+900 al kil\u00f3metro 54+900; y del kil\u00f3metro 59+700 al kil\u00f3metro 60+300\u2026 Dicha obra estaba detenida desde 2018, por lo que se trabaj\u00f3 en su modernizaci\u00f3n con una inversi\u00f3n de 250 millones de pesos, para ampliarla de 2 a 4 carriles en 3.6 kil\u00f3metros, e incluye un paso superior de ferrocarril. La vialidad forma parte del Corredor Trans\u00edstmico Coatzacoalcos-Salina Cruz. La carretera permite ahorros en tiempo de recorrido de 20 minutos del tramo Cosoleacaque a Acayucan; asimismo, fortalece la conexi\u00f3n a los municipios de Cosoleacaque, J\u00e1ltipan y Acayucan, para beneficio de 365 mil 555 habitantes. Mejora la interconexi\u00f3n de las carreteras federales Mex-180, Mex-185, Mex-145 y la autopista Mex-145 D. Agiliza el tr\u00e1nsito de bienes y personas de la Carretera Federal Mex 180. Los trabajos generaron 300 empleos directos y 900 indirectos\u2026 En esa misma \u201cma\u00f1anera\u201d de lunes, estuvo presente el director de la SICT Veracruz, Ram\u00f3n \u00c1lvarez Font\u00e1n, para atender el tramo de Las Matas, al sur del estado, misma que ser\u00e1 rehabilitada de inmediato una vez que se firme un convenio de colaboraci\u00f3n y administraci\u00f3n con el Gobierno del Estado a cuyo cargo est\u00e1 actualmente la obra.<\/p>\n\n\n\n<p><strong>LA \u00daLTIMA PORQUE TREN AL SUR: <\/strong>Se tardaron nom\u00e1s tres horas, por aquello de que quieren primero dialogar con inconformes, pero la verdad es que el bloqueo que hubo ayer en la avenida Banderilla-Xalapa desde su inicio ol\u00eda m\u00e1s a esas protestas sin sentido que afectan la vialidad de toda una ciudad. Si bien est\u00e1n en todo su derecho de manifestarse, bien podr\u00edan haber sido desalojados en poco tiempo y en ese mismo lapso atender su petici\u00f3n, pero tres horas la verdad fue mucho tiempo para el uso justificado de la fuerza p\u00fablica\u2026 Mire, aqu\u00ed ya se ha comentado: una de las cosas positivas del pasado bienio es que casi no hubo bloqueos ya que todo mundo sab\u00eda que el gober Yunes no toleraba esas tomas de oficinas y cierres de calles que abundaron a finales del Duartismo, pues inmediatamente mand\u00f3 al bote por varios meses a los \u201cl\u00edderes sociales\u201d que encabezaban dichas \u201cprotestas\u201d\u2026 A la tal Arely (detenida este martes en la protesta de Banderilla) ya tambi\u00e9n desde hace rato se le estaba se\u00f1alando de encabezar cierres de la v\u00eda p\u00fablica como la de pasados d\u00edas en pleno centro de Xalapa\u2026 Por otra parte, la verdad es que ya son varios lidercillos que andan desesperados porque ya se les est\u00e1 acabando el modus vivendi con la industria del chantaje, pero tambi\u00e9n deber\u00edan tardar menos en detenerlos y desalojarlos.<\/p>\n","protected":false},"excerpt":{"rendered":"<p>ColumnaSinNombre@pablojair Prohibida explotaci\u00f3n de mam\u00edferos marinos: Rosamary \u00bfNo ser\u00e1 otro de esos retos babosos del TikTok? Acelerar\u00e1n rehabilitaci\u00f3n de la carretera Coatza-Mina Se tardaron, pero desalojaron. Que a Do\u00f1a Delia le podr\u00eda pasarlo mismo que a Do\u00f1a Chofi, dicen\u2014Chopenjawer Llegamos el viernes a M\u00e9rida, Yucat\u00e1n, sin saber nada del lugar. Un gran aliviane fue la [&hellip;]<\/p>\n","protected":false},"author":1,"featured_media":488,"comment_status":"open","ping_status":"open","sticky":false,"template":"","format":"standard","meta":{"_jetpack_memberships_contains_paid_content":false,"footnotes":""},"categories":[11],"tags":[],"class_list":["post-32835","post","type-post","status-publish","format-standard","has-post-thumbnail","hentry","category-opinion"],"jetpack_featured_media_url":"https:\/\/encuentroinformativo.com.mx\/wp-content\/uploads\/2020\/03\/F471F608-BA1A-416B-BA7B-BCFB24F4E6D0.jpeg","jetpack_sharing_enabled":true,"jetpack_likes_enabled":true,"amp_enabled":true,"_links":{"self":[{"href":"https:\/\/encuentroinformativo.com.mx\/index.php?rest_route=\/wp\/v2\/posts\/32835","targetHints":{"allow":["GET"]}}],"collection":[{"href":"https:\/\/encuentroinformativo.com.mx\/index.php?rest_route=\/wp\/v2\/posts"}],"about":[{"href":"https:\/\/encuentroinformativo.com.mx\/index.php?rest_route=\/wp\/v2\/types\/post"}],"author":[{"embeddable":true,"href":"https:\/\/encuentroinformativo.com.mx\/index.php?rest_route=\/wp\/v2\/users\/1"}],"replies":[{"embeddable":true,"href":"https:\/\/encuentroinformativo.com.mx\/index.php?rest_route=%2Fwp%2Fv2%2Fcomments&post=32835"}],"version-history":[{"count":1,"href":"https:\/\/encuentroinformativo.com.mx\/index.php?rest_route=\/wp\/v2\/posts\/32835\/revisions"}],"predecessor-version":[{"id":32836,"href":"https:\/\/encuentroinformativo.com.mx\/index.php?rest_route=\/wp\/v2\/posts\/32835\/revisions\/32836"}],"wp:featuredmedia":[{"embeddable":true,"href":"https:\/\/encuentroinformativo.com.mx\/index.php?rest_route=\/wp\/v2\/media\/488"}],"wp:attachment":[{"href":"https:\/\/encuentroinformativo.com.mx\/index.php?rest_route=%2Fwp%2Fv2%2Fmedia&parent=32835"}],"wp:term":[{"taxonomy":"category","embeddable":true,"href":"https:\/\/encuentroinformativo.com.mx\/index.php?rest_route=%2Fwp%2Fv2%2Fcategories&post=32835"},{"taxonomy":"post_tag","embeddable":true,"href":"https:\/\/encuentroinformativo.com.mx\/index.php?rest_route=%2Fwp%2Fv2%2Ftags&post=32835"}],"curies":[{"name":"wp","href":"https:\/\/api.w.org\/{rel}","templated":true}]}}