{"id":32837,"date":"2022-10-19T12:09:36","date_gmt":"2022-10-19T17:09:36","guid":{"rendered":"https:\/\/encuentroinformativo.com.mx\/?p=32837"},"modified":"2022-10-19T12:09:40","modified_gmt":"2022-10-19T17:09:40","slug":"verifican-propiedad-de-equipo-medico-del-sector-salud","status":"publish","type":"post","link":"https:\/\/encuentroinformativo.com.mx\/?p=32837","title":{"rendered":"Verifican propiedad de equipo m\u00e9dico del sector salud"},"content":{"rendered":"\n<p><strong>Dar\u00edo Pale <\/strong><\/p>\n\n\n\n<p>Xalapa, Ver.- Jorge Cisniega Director administrativo de los Servicios de Salud de Veracruz (SESVER), dio a conocer que primero deben corroborar que el equipo que supuestamente se llev\u00f3 un trabajador de la dependencia pertenezca al sector salud.<\/p>\n\n\n\n<p>Entrevistado posterior a la inauguraci\u00f3n de la Feria de la Salud se\u00f1al\u00f3 que, para realizar este tipo de eventos representan un gasto para lo cual tienen un presupuesto de aproximadamente 50 millones de pesos para las caravanas y servicios de salud itinerante en todo el estado.<\/p>\n\n\n\n<p>En cuanto al equipo de ultrasonido que supuestamente se lo llev\u00f3 un trabajador coment\u00f3 que es una investigaci\u00f3n que se est\u00e1 llevando a cabo, y lo primero que tienen que garantizar es que sea un equipo que pertenezca a SESVER.<\/p>\n\n\n\n<p>El hecho de que sea un equipo m\u00e9dico no quiere decir que es del Gobierno del Estado por lo que es lo primero que se tiene que aclarar de ser as\u00ed van a tomar la medidas pertinentes.<\/p>\n\n\n\n<p>Coment\u00f3 que ya tienen identificado todo el equipo del sector salud, pero de existir alg\u00fan delito se pondr\u00edan las denuncias correspondientes, aunque desconoce si esta persona sigue laborando en la dependencia.<\/p>\n\n\n\n<p>Est\u00e1n investigando de donde supuestamente fue sustra\u00eddo el equipo, supuestamente este hecho se registr\u00f3 en Coatepec, por lo que seg\u00fan har\u00e1n un cruce con el inventario y revisar los n\u00fameros de serie, adem\u00e1s de que record\u00f3 que hay equipos que tienen hasta 20 a\u00f1os.<\/p>\n\n\n\n<p>&#8220;Estamos hablando de un equipo m\u00e9dico, el equipo m\u00e9dico puede ser de qui\u00e9n valla y compre un equipo m\u00e9dico, puede ser privado, puede ser de otra instituci\u00f3n de salud p\u00fablica&#8221;, coment\u00f3.<\/p>\n\n\n\n<p>Finalmente se\u00f1al\u00f3 que investigaci\u00f3n no debe de tardar m\u00e1s que un par de semanas, es la primera vez que sucede esto ya realizan inventarios y van revisando los faltantes de las administraciones anteriores y de la presente.<\/p>\n","protected":false},"excerpt":{"rendered":"<p>Dar\u00edo Pale Xalapa, Ver.- Jorge Cisniega Director administrativo de los Servicios de Salud de Veracruz (SESVER), dio a conocer que primero deben corroborar que el equipo que supuestamente se llev\u00f3 un trabajador de la dependencia pertenezca al sector salud. Entrevistado posterior a la inauguraci\u00f3n de la Feria de la Salud se\u00f1al\u00f3 que, para realizar este [&hellip;]<\/p>\n","protected":false},"author":1,"featured_media":32838,"comment_status":"open","ping_status":"open","sticky":false,"template":"","format":"standard","meta":{"_jetpack_memberships_contains_paid_content":false,"footnotes":""},"categories":[9],"tags":[],"class_list":["post-32837","post","type-post","status-publish","format-standard","has-post-thumbnail","hentry","category-salud"],"jetpack_featured_media_url":"https:\/\/encuentroinformativo.com.mx\/wp-content\/uploads\/2022\/10\/0B4AF585-1875-492D-8038-FF26B3703F8D.jpeg","jetpack_sharing_enabled":true,"jetpack_likes_enabled":true,"amp_enabled":true,"_links":{"self":[{"href":"https:\/\/encuentroinformativo.com.mx\/index.php?rest_route=\/wp\/v2\/posts\/32837","targetHints":{"allow":["GET"]}}],"collection":[{"href":"https:\/\/encuentroinformativo.com.mx\/index.php?rest_route=\/wp\/v2\/posts"}],"about":[{"href":"https:\/\/encuentroinformativo.com.mx\/index.php?rest_route=\/wp\/v2\/types\/post"}],"author":[{"embeddable":true,"href":"https:\/\/encuentroinformativo.com.mx\/index.php?rest_route=\/wp\/v2\/users\/1"}],"replies":[{"embeddable":true,"href":"https:\/\/encuentroinformativo.com.mx\/index.php?rest_route=%2Fwp%2Fv2%2Fcomments&post=32837"}],"version-history":[{"count":1,"href":"https:\/\/encuentroinformativo.com.mx\/index.php?rest_route=\/wp\/v2\/posts\/32837\/revisions"}],"predecessor-version":[{"id":32839,"href":"https:\/\/encuentroinformativo.com.mx\/index.php?rest_route=\/wp\/v2\/posts\/32837\/revisions\/32839"}],"wp:featuredmedia":[{"embeddable":true,"href":"https:\/\/encuentroinformativo.com.mx\/index.php?rest_route=\/wp\/v2\/media\/32838"}],"wp:attachment":[{"href":"https:\/\/encuentroinformativo.com.mx\/index.php?rest_route=%2Fwp%2Fv2%2Fmedia&parent=32837"}],"wp:term":[{"taxonomy":"category","embeddable":true,"href":"https:\/\/encuentroinformativo.com.mx\/index.php?rest_route=%2Fwp%2Fv2%2Fcategories&post=32837"},{"taxonomy":"post_tag","embeddable":true,"href":"https:\/\/encuentroinformativo.com.mx\/index.php?rest_route=%2Fwp%2Fv2%2Ftags&post=32837"}],"curies":[{"name":"wp","href":"https:\/\/api.w.org\/{rel}","templated":true}]}}