{"id":32840,"date":"2022-10-19T12:16:53","date_gmt":"2022-10-19T17:16:53","guid":{"rendered":"https:\/\/encuentroinformativo.com.mx\/?p=32840"},"modified":"2022-10-19T12:16:57","modified_gmt":"2022-10-19T17:16:57","slug":"solecito-veracruz-sostiene-reunion-virtual-con-corte-internacional-de-la-haya","status":"publish","type":"post","link":"https:\/\/encuentroinformativo.com.mx\/?p=32840","title":{"rendered":"Solecito Veracruz sostiene reuni\u00f3n virtual con Corte Internacional de La Haya"},"content":{"rendered":"\n<p><strong>Alejandro \u00c1vila<\/strong><\/p>\n\n\n\n<p>Veracruz, Ver.- Integrantes del Colectivo Solecito Veracruz sostuvieron una reuni\u00f3n virtual con la Corte Internacional de Derechos Humanos que se ubica en La Haya en Holanda.<\/p>\n\n\n\n<p>Hace unos d\u00edas, la presidenta del Colectivo Solecito Veracruz, Luc\u00eda D\u00edaz Henao, visit\u00f3 las instalaciones de la CIDH en La Haya, para presentar un iforme con pruebas de las desapariciones forzadas qu\u00e9 se registraron en Veracruz durante el sexenio de Javier Duarte de Ochoa.<\/p>\n\n\n\n<p>&#8220;Con pruebas, ahora s\u00ed tenemos nuestra esperanza en la Corte, que analice nuestros casos y los casos que se llevaron para que tengamos resultados y que en realidad Duarte de Ochoa pague, no nada m\u00e1s por enriquecimiento il\u00edcito, sino por desaparici\u00f3n forzada, qu\u00e9 es un delito de lesa humanidad, y que hay much\u00edsimas pruebas&#8221;, mencion\u00f3 Rosal\u00eda Castro.<\/p>\n\n\n\n<p>La integrante del Colectivo Solecito declar\u00f3 que el ex gobernador debe de ser juzgado a nivel internacional por el delito de lesa humanidad; al tiempo que reconoci\u00f3 tambi\u00e9n deben rendir cuentas muchos de sus colaboradores, pues est\u00e1s desapariciones forzadas no la realiz\u00f3 solo.<\/p>\n\n\n\n<p>&#8220;Todo su Gabinete, toda la gente de Seguridad P\u00fablica y todos los que estuvieron involucrados, Ministeriales, Polic\u00edas, o sea toda la gente que estuvo, no nada m\u00e1s \u00e9l, porque \u00e9l no act\u00faa solo&#8221;, remat\u00f3.<\/p>\n\n\n\n<p>Finalmente, dijo que en La Haya tambi\u00e9n presentaron el caso de las fosas clandestinas de Arbolillo en Alvarado, pues cuentan con un rezago muy grande de identificaci\u00f3n de cuerpos.<\/p>\n\n\n\n<p>&#8220;Terminamos en 2018 y se han hecho m\u00e1s o menos como 40 notificaciones, sabemos que aqu\u00ed lo trabajo Polic\u00eda Cient\u00edfica Federal, hoy Guardia Nacional, pero va muy lento, tambi\u00e9n sabemos que abarca toda la rep\u00fablica y tienen pocos centros de identificaci\u00f3n humana, pero tambi\u00e9n eso estamos pidiendo&#8221;, culmin\u00f3.<\/p>\n","protected":false},"excerpt":{"rendered":"<p>Alejandro \u00c1vila Veracruz, Ver.- Integrantes del Colectivo Solecito Veracruz sostuvieron una reuni\u00f3n virtual con la Corte Internacional de Derechos Humanos que se ubica en La Haya en Holanda. Hace unos d\u00edas, la presidenta del Colectivo Solecito Veracruz, Luc\u00eda D\u00edaz Henao, visit\u00f3 las instalaciones de la CIDH en La Haya, para presentar un iforme con pruebas [&hellip;]<\/p>\n","protected":false},"author":1,"featured_media":32841,"comment_status":"open","ping_status":"open","sticky":false,"template":"","format":"standard","meta":{"_jetpack_memberships_contains_paid_content":false,"footnotes":""},"categories":[2],"tags":[],"class_list":["post-32840","post","type-post","status-publish","format-standard","has-post-thumbnail","hentry","category-estado"],"jetpack_featured_media_url":"https:\/\/encuentroinformativo.com.mx\/wp-content\/uploads\/2022\/10\/34207732-F7C7-4DD9-AE36-029F3E0C026A.jpeg","jetpack_sharing_enabled":true,"jetpack_likes_enabled":true,"amp_enabled":true,"_links":{"self":[{"href":"https:\/\/encuentroinformativo.com.mx\/index.php?rest_route=\/wp\/v2\/posts\/32840","targetHints":{"allow":["GET"]}}],"collection":[{"href":"https:\/\/encuentroinformativo.com.mx\/index.php?rest_route=\/wp\/v2\/posts"}],"about":[{"href":"https:\/\/encuentroinformativo.com.mx\/index.php?rest_route=\/wp\/v2\/types\/post"}],"author":[{"embeddable":true,"href":"https:\/\/encuentroinformativo.com.mx\/index.php?rest_route=\/wp\/v2\/users\/1"}],"replies":[{"embeddable":true,"href":"https:\/\/encuentroinformativo.com.mx\/index.php?rest_route=%2Fwp%2Fv2%2Fcomments&post=32840"}],"version-history":[{"count":1,"href":"https:\/\/encuentroinformativo.com.mx\/index.php?rest_route=\/wp\/v2\/posts\/32840\/revisions"}],"predecessor-version":[{"id":32842,"href":"https:\/\/encuentroinformativo.com.mx\/index.php?rest_route=\/wp\/v2\/posts\/32840\/revisions\/32842"}],"wp:featuredmedia":[{"embeddable":true,"href":"https:\/\/encuentroinformativo.com.mx\/index.php?rest_route=\/wp\/v2\/media\/32841"}],"wp:attachment":[{"href":"https:\/\/encuentroinformativo.com.mx\/index.php?rest_route=%2Fwp%2Fv2%2Fmedia&parent=32840"}],"wp:term":[{"taxonomy":"category","embeddable":true,"href":"https:\/\/encuentroinformativo.com.mx\/index.php?rest_route=%2Fwp%2Fv2%2Fcategories&post=32840"},{"taxonomy":"post_tag","embeddable":true,"href":"https:\/\/encuentroinformativo.com.mx\/index.php?rest_route=%2Fwp%2Fv2%2Ftags&post=32840"}],"curies":[{"name":"wp","href":"https:\/\/api.w.org\/{rel}","templated":true}]}}