{"id":32843,"date":"2022-10-19T12:49:25","date_gmt":"2022-10-19T17:49:25","guid":{"rendered":"https:\/\/encuentroinformativo.com.mx\/?p=32843"},"modified":"2022-10-19T12:49:29","modified_gmt":"2022-10-19T17:49:29","slug":"cancer-de-mama-primera-causa-de-muerte-salud","status":"publish","type":"post","link":"https:\/\/encuentroinformativo.com.mx\/?p=32843","title":{"rendered":"C\u00e1ncer de mama, primera causa de muerte: Salud"},"content":{"rendered":"\n<p><strong>Dar\u00edo Pale<\/strong><\/p>\n\n\n\n<p>Xalapa, Ver.- El doctor Alberto Moctezuma V\u00e1zquez subdirector de Atenci\u00f3n m\u00e9dica de primer nivel se\u00f1al\u00f3 que el c\u00e1ncer de mama ocupa una mortalidad muy importante, ya que en mujeres mayores de 25 a\u00f1os es la primera causa de muerte.<\/p>\n\n\n\n<p>En entrevista se\u00f1al\u00f3 que las actividades de difusi\u00f3n de las actividades de las campa\u00f1as de detecci\u00f3n a trav\u00e9s de las mastograf\u00edas, la educaci\u00f3n que las enfermeras dan en las salas de espera en las unidades m\u00e9dicas es permanente.<\/p>\n\n\n\n<p>Coment\u00f3 que en la medida que se est\u00e1n haciendo ven c\u00f3mo se incide en esta enfermedad que ocupa una mortalidad muy importante, ya que en mujeres mayores de 25 a\u00f1os es la primera causa de muerte por c\u00e1ncer de manera que tienen que estar al pendiente de que no sigan muriendo pacientes femeninas con este diagn\u00f3stico.<\/p>\n\n\n\n<p>\u201cUn dato impresionante en el a\u00f1o 2021 cada d\u00eda murieron 21 mujeres con este diagn\u00f3stico a nivel nacional, no tengo el dato en este estado pero tengo esta cifra a nivel nacional, esto nos hace generar campa\u00f1as de detecci\u00f3n, ense\u00f1anza a las mujeres para el auto cuidado y la exploraci\u00f3n a partir de los 20 a\u00f1os de edad&#8221;, se\u00f1al\u00f3.<\/p>\n\n\n\n<p>Dijo que en caso de que  sientan cualquier anormalidad en sus gl\u00e1ndulas mamarias sean motivo de una valoraci\u00f3n por el \u00e1rea m\u00e9dica para que en primer lugar se le haga un ultrasonido y como seguimiento una mastograf\u00eda como las que est\u00e1n realizando el d\u00eda de hoy.<\/p>\n\n\n\n<p>Dio a conocer que el c\u00e1ncer de mama tiene el mismo comportamiento en todos los estados ya que no tiene una prevalencia en determinada regi\u00f3n del pa\u00eds est\u00e1 en la misma proporci\u00f3n en todos.<\/p>\n\n\n\n<p>&#8220;Lamentablemente llegan mujeres que no se detectaron a tiempo est\u00e1s nudolaciones, estas tumoraciones o secreciones a trav\u00e9s del pezon y a medida que hay m\u00e1s alteraciones el pron\u00f3stico lamentablemente disminuye las probabilidades de sobrevivir como lo est\u00e1n haciendo las mujeres a las que se les detecta tempranamente&#8221;, coment\u00f3.<\/p>\n\n\n\n<p>Gracias a la informaci\u00f3n un buen n\u00famero de mujeres toma conciencia y cualquier alteraci\u00f3n la reportan en las unidades m\u00e9dicas con su m\u00e9dico tratante, pero en algunas ocasiones influyen un poco el pudor o las cuestiones culturales o religiosas, pero sobre todo muchas veces es la falta de informaci\u00f3n.<\/p>\n\n\n\n<p>En cuanto a las mujeres en las zonas rurales o ind\u00edgenas coment\u00f3 \u00a0que posiblemente se est\u00e9n enfermando en la misma proporci\u00f3n pero no lo est\u00e1n detectando tempranamente reiter\u00f3 que se debe a la falta de informaci\u00f3n.<\/p>\n\n\n\n<p>Finalmente se\u00f1al\u00f3 que un factor de riesgo perfectamente identificado es el sobrepeso y la obesidad, la falta de ejercicio, el consumo de tabaco y las bebidas alcoh\u00f3licas al igual que el consumo de medicamentos hormonales con fines anticonceptivos, adem\u00e1s de que una mujer nunca se haya embarazado y nunca haya alimentado a su beb\u00e9 del seno materno. \u00a0<\/p>\n","protected":false},"excerpt":{"rendered":"<p>Dar\u00edo Pale Xalapa, Ver.- El doctor Alberto Moctezuma V\u00e1zquez subdirector de Atenci\u00f3n m\u00e9dica de primer nivel se\u00f1al\u00f3 que el c\u00e1ncer de mama ocupa una mortalidad muy importante, ya que en mujeres mayores de 25 a\u00f1os es la primera causa de muerte. En entrevista se\u00f1al\u00f3 que las actividades de difusi\u00f3n de las actividades de las campa\u00f1as [&hellip;]<\/p>\n","protected":false},"author":1,"featured_media":32844,"comment_status":"open","ping_status":"open","sticky":false,"template":"","format":"standard","meta":{"_jetpack_memberships_contains_paid_content":false,"footnotes":""},"categories":[9],"tags":[],"class_list":["post-32843","post","type-post","status-publish","format-standard","has-post-thumbnail","hentry","category-salud"],"jetpack_featured_media_url":"https:\/\/encuentroinformativo.com.mx\/wp-content\/uploads\/2022\/10\/76FA0AE7-C75A-4EC0-8C8F-83701955F49E.jpeg","jetpack_sharing_enabled":true,"jetpack_likes_enabled":true,"amp_enabled":true,"_links":{"self":[{"href":"https:\/\/encuentroinformativo.com.mx\/index.php?rest_route=\/wp\/v2\/posts\/32843","targetHints":{"allow":["GET"]}}],"collection":[{"href":"https:\/\/encuentroinformativo.com.mx\/index.php?rest_route=\/wp\/v2\/posts"}],"about":[{"href":"https:\/\/encuentroinformativo.com.mx\/index.php?rest_route=\/wp\/v2\/types\/post"}],"author":[{"embeddable":true,"href":"https:\/\/encuentroinformativo.com.mx\/index.php?rest_route=\/wp\/v2\/users\/1"}],"replies":[{"embeddable":true,"href":"https:\/\/encuentroinformativo.com.mx\/index.php?rest_route=%2Fwp%2Fv2%2Fcomments&post=32843"}],"version-history":[{"count":1,"href":"https:\/\/encuentroinformativo.com.mx\/index.php?rest_route=\/wp\/v2\/posts\/32843\/revisions"}],"predecessor-version":[{"id":32845,"href":"https:\/\/encuentroinformativo.com.mx\/index.php?rest_route=\/wp\/v2\/posts\/32843\/revisions\/32845"}],"wp:featuredmedia":[{"embeddable":true,"href":"https:\/\/encuentroinformativo.com.mx\/index.php?rest_route=\/wp\/v2\/media\/32844"}],"wp:attachment":[{"href":"https:\/\/encuentroinformativo.com.mx\/index.php?rest_route=%2Fwp%2Fv2%2Fmedia&parent=32843"}],"wp:term":[{"taxonomy":"category","embeddable":true,"href":"https:\/\/encuentroinformativo.com.mx\/index.php?rest_route=%2Fwp%2Fv2%2Fcategories&post=32843"},{"taxonomy":"post_tag","embeddable":true,"href":"https:\/\/encuentroinformativo.com.mx\/index.php?rest_route=%2Fwp%2Fv2%2Ftags&post=32843"}],"curies":[{"name":"wp","href":"https:\/\/api.w.org\/{rel}","templated":true}]}}