{"id":32846,"date":"2022-10-19T13:00:09","date_gmt":"2022-10-19T18:00:09","guid":{"rendered":"https:\/\/encuentroinformativo.com.mx\/?p=32846"},"modified":"2022-10-19T13:00:13","modified_gmt":"2022-10-19T18:00:13","slug":"surgira-una-verdadera-oposicion-dante-delgado","status":"publish","type":"post","link":"https:\/\/encuentroinformativo.com.mx\/?p=32846","title":{"rendered":"Surgir\u00e1 una verdadera oposici\u00f3n: Dante Delgado"},"content":{"rendered":"\n<p>Xalapa, Ver.- Dante Delgado Rannauro, Senador de la Rep\u00fablica, y Coordinador Nacional de Movimiento Ciudadano, sostuvo una reuni\u00f3n con maestros y maestras de la secci\u00f3n 32 del SNTE en Veracruz, en donde asever\u00f3 que con la fuerza magisterial se le dar\u00e1 una sacudida al pa\u00eds, ya que afirm\u00f3 que los trabajadores de la educaci\u00f3n tienen verdadera vinculaci\u00f3n de poder p\u00fablico en todas las regiones.<\/p>\n\n\n\n<p>El l\u00edder Nacional del Movimiento Naranja, dijo enf\u00e1tico que en los pr\u00f3ximos 3 meses, los maestros del pa\u00eds y todos los mexicanos advertir\u00e1n que en M\u00e9xico est\u00e1 surgiendo una verdadera oposici\u00f3n que habr\u00e1 de ganar la presidencia de la rep\u00fablica, ya que afirm\u00f3 que hoy se requiere dar garant\u00eda de vida a las futuras generaciones, y se har\u00e1 solo con organizaci\u00f3n y voluntad.<\/p>\n\n\n\n<p>Es por ello que desde Movimiento Ciudadano, precis\u00f3, se est\u00e1 orientando un programa de gobierno que estar\u00e1 por encima de los partidos pol\u00edticos, \u201cpero solos no se podr\u00e1\u201d sentenci\u00f3, por tanto, hizo un llamado a los maestros y maestras, ya que recalc\u00f3 que con su trabajo, y con el apoyo a su labor, se podr\u00e1 cambiar la cultura de convivencia en Veracruz y todo el pa\u00eds.<\/p>\n\n\n\n<p>\u201cEs posible avanzar m\u00e1s de prisa con la suma, el esfuerzo y el talento de las y los mexicanos\u201d, dijo en\u00e9rgico el senador, \u201cnosotros s\u00ed creemos en una sociedad civil organizada, s\u00ed creemos en la posibilidad de que ustedes tengan acceso y derecho a participar en la toma de decisiones m\u00e1s relevantes que pueda haber al interior de su gremio, que es el sector educativo\u201d.<\/p>\n\n\n\n<p>Ante ello, el Secretario General de la Directiva Seccional de la Secci\u00f3n 32 del SNTE, Daniel Covarrubias L\u00f3pez y Juan Nicol\u00e1s Callejas Rold\u00e1n, Coordinador del Equipo Pol\u00edtico de la Secci\u00f3n 32, manifestaron al Senador su inter\u00e9s por que se modifiquen las leyes que afectan a los trabajadores de la educaci\u00f3n, es por ello que buscaron este di\u00e1logo con la bancadas y fuerzas pol\u00edticas nacionales y estatales de Movimiento Ciudadano.<\/p>\n\n\n\n<p>La directiva de la secci\u00f3n 32 del SNTE entreg\u00f3 un proyecto de decreto que adiciona un art\u00edculo vig\u00e9simo quinto transitorio a la ley general del sistema para la carrera de las maestras y los maestros, el cual busca la libertad sindical que les permita tener voz y voto dentro de este organismo.<\/p>\n\n\n\n<p>Por su parte, el Coordinador Estatal, Sergio Gil Rull\u00e1n, expres\u00f3 que sus causas, sus luchas, sus banderas, sus anhelos, estar\u00e1n representadas y se defender\u00e1n, con todo lo que se tiene, como instituto pol\u00edtico y como actores pol\u00edticos; se les seguir\u00e1n respaldando pues conocen su lucha y las dificultades por las que ha pasado el gremio en los \u00faltimos a\u00f1os.<\/p>\n\n\n\n<p>La diputada local, Ruth Callejas, agradeci\u00f3 el Senador la oportunidad de escuchar al gremio magisterial, al cual pertenece, y dijo que seguir\u00e1 impulsando iniciativa que est\u00e9n a favor de la educaci\u00f3n del pa\u00eds, por lo que anunci\u00f3 que ya se entreg\u00f3 la iniciativa de ley elaborada por el equipo pol\u00edtico de esta organizaci\u00f3n sindical, la cual ser\u00e1 analizada desde el Senado.<\/p>\n\n\n\n<p>En el evento tambi\u00e9n se cont\u00f3 con la presencia de la Senadora por Jalisco, Ver\u00f3nica Delgadillo Garc\u00eda, Luis Carbonell de la Hoz, Delegado Nacional de Movimiento Ciudadano en Veracruz, as\u00ed como maestros de todo el Estado.<\/p>\n","protected":false},"excerpt":{"rendered":"<p>Xalapa, Ver.- Dante Delgado Rannauro, Senador de la Rep\u00fablica, y Coordinador Nacional de Movimiento Ciudadano, sostuvo una reuni\u00f3n con maestros y maestras de la secci\u00f3n 32 del SNTE en Veracruz, en donde asever\u00f3 que con la fuerza magisterial se le dar\u00e1 una sacudida al pa\u00eds, ya que afirm\u00f3 que los trabajadores de la educaci\u00f3n tienen [&hellip;]<\/p>\n","protected":false},"author":1,"featured_media":32847,"comment_status":"open","ping_status":"open","sticky":false,"template":"","format":"standard","meta":{"_jetpack_memberships_contains_paid_content":false,"footnotes":""},"categories":[2],"tags":[],"class_list":["post-32846","post","type-post","status-publish","format-standard","has-post-thumbnail","hentry","category-estado"],"jetpack_featured_media_url":"https:\/\/encuentroinformativo.com.mx\/wp-content\/uploads\/2022\/10\/2B898F5A-2F9A-4E44-9192-262CADD3ACA9.jpeg","jetpack_sharing_enabled":true,"jetpack_likes_enabled":true,"amp_enabled":true,"_links":{"self":[{"href":"https:\/\/encuentroinformativo.com.mx\/index.php?rest_route=\/wp\/v2\/posts\/32846","targetHints":{"allow":["GET"]}}],"collection":[{"href":"https:\/\/encuentroinformativo.com.mx\/index.php?rest_route=\/wp\/v2\/posts"}],"about":[{"href":"https:\/\/encuentroinformativo.com.mx\/index.php?rest_route=\/wp\/v2\/types\/post"}],"author":[{"embeddable":true,"href":"https:\/\/encuentroinformativo.com.mx\/index.php?rest_route=\/wp\/v2\/users\/1"}],"replies":[{"embeddable":true,"href":"https:\/\/encuentroinformativo.com.mx\/index.php?rest_route=%2Fwp%2Fv2%2Fcomments&post=32846"}],"version-history":[{"count":1,"href":"https:\/\/encuentroinformativo.com.mx\/index.php?rest_route=\/wp\/v2\/posts\/32846\/revisions"}],"predecessor-version":[{"id":32848,"href":"https:\/\/encuentroinformativo.com.mx\/index.php?rest_route=\/wp\/v2\/posts\/32846\/revisions\/32848"}],"wp:featuredmedia":[{"embeddable":true,"href":"https:\/\/encuentroinformativo.com.mx\/index.php?rest_route=\/wp\/v2\/media\/32847"}],"wp:attachment":[{"href":"https:\/\/encuentroinformativo.com.mx\/index.php?rest_route=%2Fwp%2Fv2%2Fmedia&parent=32846"}],"wp:term":[{"taxonomy":"category","embeddable":true,"href":"https:\/\/encuentroinformativo.com.mx\/index.php?rest_route=%2Fwp%2Fv2%2Fcategories&post=32846"},{"taxonomy":"post_tag","embeddable":true,"href":"https:\/\/encuentroinformativo.com.mx\/index.php?rest_route=%2Fwp%2Fv2%2Ftags&post=32846"}],"curies":[{"name":"wp","href":"https:\/\/api.w.org\/{rel}","templated":true}]}}