{"id":32849,"date":"2022-10-19T13:45:23","date_gmt":"2022-10-19T18:45:23","guid":{"rendered":"https:\/\/encuentroinformativo.com.mx\/?p=32849"},"modified":"2022-10-19T13:45:27","modified_gmt":"2022-10-19T18:45:27","slug":"docentes-cecytev-se-suman-a-paro-nacional","status":"publish","type":"post","link":"https:\/\/encuentroinformativo.com.mx\/?p=32849","title":{"rendered":"Docentes Cecytev se suman a paro nacional"},"content":{"rendered":"\n<p><strong>Juan Arcos <\/strong><\/p>\n\n\n\n<p>Xalapa, Ver.- Docentes del Colegio de Estudios Cient\u00edficos y Tecnol\u00f3gicos del Estado de Veracruz (Cecytev) se sumaron al paro nacional desde las ocho de la ma\u00f1ana de este mi\u00e9rcoles 19 de octubre.<\/p>\n\n\n\n<p>Los quejosos colocaron una lona sobre el edificio del Cecytev, ubicado sobre la calle Felipe Carrillo Puerto, en la zona centro de esta ciudad de Xalapa.<\/p>\n\n\n\n<p>De acuerdo con Arsenio Garc\u00eda Rosendo, subsecretario de Bolsa de Trabajo y Escalaf\u00f3n del Sindicato de Cecytev en el Estado de Veracruz, se exige la homologaci\u00f3n salarial, la promoci\u00f3n docente y la recategorizaci\u00f3n administrativa.<\/p>\n\n\n\n<p>En Veracruz, un total de 31 planteles no laborar\u00edan y no habr\u00eda clases durante este d\u00eda para 8 mil estudiantes que son atendidos por 900 profesores.<\/p>\n\n\n\n<p>\u201cEstamos pidiendo que se nos incluya en el presupuesto de Hacienda federal. Estamos solicitando la recategorizaci\u00f3n docente y administrativa, ya tenemos diez a\u00f1os esperando ese movimiento\u201d, expres\u00f3.<\/p>\n\n\n\n<p>Ayer martes los profesores marcharon y protestaron afuera de las oficinas del Servicio de Administraci\u00f3n Tributaria (SAT) en esta capital veracruzana.<\/p>\n\n\n\n<p>\u201cAyer realizamos la marcha, hoy estamos en paro nacional todos los planteles de los Cecytes a nivel nacional para hacer presi\u00f3n y que Hacienda nos incluya dentro del presupuesto\u201d, a\u00f1adi\u00f3 Garc\u00eda Rosendo.<\/p>\n\n\n\n<p>A nivel nacional, el Colegio de Estudios Cient\u00edficos y Tecnol\u00f3gicos est\u00e1 integrado por 30 mil trabajadores que atienden a 500 mil alumnos en mil 168 planteles que se encuentran en 28 entidades del pa\u00eds.<\/p>\n","protected":false},"excerpt":{"rendered":"<p>Juan Arcos Xalapa, Ver.- Docentes del Colegio de Estudios Cient\u00edficos y Tecnol\u00f3gicos del Estado de Veracruz (Cecytev) se sumaron al paro nacional desde las ocho de la ma\u00f1ana de este mi\u00e9rcoles 19 de octubre. Los quejosos colocaron una lona sobre el edificio del Cecytev, ubicado sobre la calle Felipe Carrillo Puerto, en la zona centro [&hellip;]<\/p>\n","protected":false},"author":1,"featured_media":32850,"comment_status":"open","ping_status":"open","sticky":false,"template":"","format":"standard","meta":{"_jetpack_memberships_contains_paid_content":false,"footnotes":""},"categories":[3],"tags":[],"class_list":["post-32849","post","type-post","status-publish","format-standard","has-post-thumbnail","hentry","category-xalapa"],"jetpack_featured_media_url":"https:\/\/encuentroinformativo.com.mx\/wp-content\/uploads\/2022\/10\/490AAC16-A4B8-475F-AFDC-E7AE13DDA991.jpeg","jetpack_sharing_enabled":true,"jetpack_likes_enabled":true,"amp_enabled":true,"_links":{"self":[{"href":"https:\/\/encuentroinformativo.com.mx\/index.php?rest_route=\/wp\/v2\/posts\/32849","targetHints":{"allow":["GET"]}}],"collection":[{"href":"https:\/\/encuentroinformativo.com.mx\/index.php?rest_route=\/wp\/v2\/posts"}],"about":[{"href":"https:\/\/encuentroinformativo.com.mx\/index.php?rest_route=\/wp\/v2\/types\/post"}],"author":[{"embeddable":true,"href":"https:\/\/encuentroinformativo.com.mx\/index.php?rest_route=\/wp\/v2\/users\/1"}],"replies":[{"embeddable":true,"href":"https:\/\/encuentroinformativo.com.mx\/index.php?rest_route=%2Fwp%2Fv2%2Fcomments&post=32849"}],"version-history":[{"count":1,"href":"https:\/\/encuentroinformativo.com.mx\/index.php?rest_route=\/wp\/v2\/posts\/32849\/revisions"}],"predecessor-version":[{"id":32851,"href":"https:\/\/encuentroinformativo.com.mx\/index.php?rest_route=\/wp\/v2\/posts\/32849\/revisions\/32851"}],"wp:featuredmedia":[{"embeddable":true,"href":"https:\/\/encuentroinformativo.com.mx\/index.php?rest_route=\/wp\/v2\/media\/32850"}],"wp:attachment":[{"href":"https:\/\/encuentroinformativo.com.mx\/index.php?rest_route=%2Fwp%2Fv2%2Fmedia&parent=32849"}],"wp:term":[{"taxonomy":"category","embeddable":true,"href":"https:\/\/encuentroinformativo.com.mx\/index.php?rest_route=%2Fwp%2Fv2%2Fcategories&post=32849"},{"taxonomy":"post_tag","embeddable":true,"href":"https:\/\/encuentroinformativo.com.mx\/index.php?rest_route=%2Fwp%2Fv2%2Ftags&post=32849"}],"curies":[{"name":"wp","href":"https:\/\/api.w.org\/{rel}","templated":true}]}}