{"id":32861,"date":"2022-10-19T15:08:06","date_gmt":"2022-10-19T20:08:06","guid":{"rendered":"https:\/\/encuentroinformativo.com.mx\/?p=32861"},"modified":"2022-10-19T15:08:10","modified_gmt":"2022-10-19T20:08:10","slug":"instalaran-altar-de-protesta-en-psicologia-uv","status":"publish","type":"post","link":"https:\/\/encuentroinformativo.com.mx\/?p=32861","title":{"rendered":"Instalar\u00e1n altar de protesta en Psicolog\u00eda UV"},"content":{"rendered":"\n<p><strong>Juan Arcos <\/strong><\/p>\n\n\n\n<p>Xalapa, Ver.- Estudiantes de la Facultad de Psicolog\u00eda de la Universidad Veracruzana (UV) montar\u00e1n un \u201caltar de protesta\u201d para exigir la destituci\u00f3n de la directora Teresa Figueroa V\u00e1zquez.<\/p>\n\n\n\n<p>Adem\u00e1s, iniciaron un paro estudiantil con una serie de actividades, para que sean atendidas sus peticiones por parte de las autoridades universitarias.<\/p>\n\n\n\n<p>Los alumnos enviaron un pliego petitorio a autoridades de la Unidad de Ciencias de la Salud, donde exponen las deficiencias durante la gesti\u00f3n de la Directora.<\/p>\n\n\n\n<p>De acuerdo con una estudiante, quien solicit\u00f3 el anonimato por temor a represalias, se hace alusi\u00f3n a las festividades del D\u00eda de Muertos y, en lugar de fotograf\u00edas, se colocar\u00e1n mensajes de protesta sobre el altar.<\/p>\n\n\n\n<p>\u201cSe colocar\u00e1n protestas correspondientes a cuestiones administrativas, acad\u00e9micas o directivas dentro de la facultad de psicolog\u00eda\u201d, indic\u00f3.<\/p>\n\n\n\n<p>El altar ser\u00e1 instalado con cajas, flores, frutas y papel picado, donde se leer\u00e1n las quejas estudiantiles.<\/p>\n\n\n\n<p>Mencionaron que hay una mala gesti\u00f3n en la asignaci\u00f3n de docentes en Experiencias Educativas, de las cuales tres pertenecen al plan de estudios de 1999 y dos al plan 2019.<\/p>\n\n\n\n<p>Tambi\u00e9n criticaron la no resoluci\u00f3n de quejas de violencia de g\u00e9nero y la falta de transparencia en procesos educativos.<\/p>\n\n\n\n<p>Despu\u00e9s de haber iniciado clases presenciales, siete experiencias educativas est\u00e1n sin profesor, afectando, en promedio, a 210 estudiantes.<\/p>\n\n\n\n<p>\u201cExisten dos plazas de docentes de tiempo completo que no han sidodesignadas. Hay 170 estudiantes sin un plan de egreso acorde con sus trayectorias. Del total esperado de estudiantes que deben egresar, solo lo ha hecho el 60%\u201d, se lee en el pliego petitorio.<\/p>\n\n\n\n<figure class=\"wp-block-image size-large\"><img loading=\"lazy\" decoding=\"async\" width=\"1024\" height=\"768\" src=\"https:\/\/encuentroinformativo.com.mx\/wp-content\/uploads\/2022\/10\/AC01F023-61E2-4F4E-8D36-E079A38DA690-1024x768.jpeg\" alt=\"\" class=\"wp-image-32863\" srcset=\"https:\/\/encuentroinformativo.com.mx\/wp-content\/uploads\/2022\/10\/AC01F023-61E2-4F4E-8D36-E079A38DA690-1024x768.jpeg 1024w, https:\/\/encuentroinformativo.com.mx\/wp-content\/uploads\/2022\/10\/AC01F023-61E2-4F4E-8D36-E079A38DA690-300x225.jpeg 300w, https:\/\/encuentroinformativo.com.mx\/wp-content\/uploads\/2022\/10\/AC01F023-61E2-4F4E-8D36-E079A38DA690-768x576.jpeg 768w, https:\/\/encuentroinformativo.com.mx\/wp-content\/uploads\/2022\/10\/AC01F023-61E2-4F4E-8D36-E079A38DA690-1536x1152.jpeg 1536w, https:\/\/encuentroinformativo.com.mx\/wp-content\/uploads\/2022\/10\/AC01F023-61E2-4F4E-8D36-E079A38DA690.jpeg 1600w\" sizes=\"auto, (max-width: 1024px) 100vw, 1024px\" \/><\/figure>\n","protected":false},"excerpt":{"rendered":"<p>Juan Arcos Xalapa, Ver.- Estudiantes de la Facultad de Psicolog\u00eda de la Universidad Veracruzana (UV) montar\u00e1n un \u201caltar de protesta\u201d para exigir la destituci\u00f3n de la directora Teresa Figueroa V\u00e1zquez. Adem\u00e1s, iniciaron un paro estudiantil con una serie de actividades, para que sean atendidas sus peticiones por parte de las autoridades universitarias. Los alumnos enviaron [&hellip;]<\/p>\n","protected":false},"author":1,"featured_media":32862,"comment_status":"open","ping_status":"open","sticky":false,"template":"","format":"standard","meta":{"_jetpack_memberships_contains_paid_content":false,"footnotes":""},"categories":[3],"tags":[],"class_list":["post-32861","post","type-post","status-publish","format-standard","has-post-thumbnail","hentry","category-xalapa"],"jetpack_featured_media_url":"https:\/\/encuentroinformativo.com.mx\/wp-content\/uploads\/2022\/10\/2E677B5D-E280-424E-8995-FD006F4500DE.jpeg","jetpack_sharing_enabled":true,"jetpack_likes_enabled":true,"amp_enabled":true,"_links":{"self":[{"href":"https:\/\/encuentroinformativo.com.mx\/index.php?rest_route=\/wp\/v2\/posts\/32861","targetHints":{"allow":["GET"]}}],"collection":[{"href":"https:\/\/encuentroinformativo.com.mx\/index.php?rest_route=\/wp\/v2\/posts"}],"about":[{"href":"https:\/\/encuentroinformativo.com.mx\/index.php?rest_route=\/wp\/v2\/types\/post"}],"author":[{"embeddable":true,"href":"https:\/\/encuentroinformativo.com.mx\/index.php?rest_route=\/wp\/v2\/users\/1"}],"replies":[{"embeddable":true,"href":"https:\/\/encuentroinformativo.com.mx\/index.php?rest_route=%2Fwp%2Fv2%2Fcomments&post=32861"}],"version-history":[{"count":1,"href":"https:\/\/encuentroinformativo.com.mx\/index.php?rest_route=\/wp\/v2\/posts\/32861\/revisions"}],"predecessor-version":[{"id":32864,"href":"https:\/\/encuentroinformativo.com.mx\/index.php?rest_route=\/wp\/v2\/posts\/32861\/revisions\/32864"}],"wp:featuredmedia":[{"embeddable":true,"href":"https:\/\/encuentroinformativo.com.mx\/index.php?rest_route=\/wp\/v2\/media\/32862"}],"wp:attachment":[{"href":"https:\/\/encuentroinformativo.com.mx\/index.php?rest_route=%2Fwp%2Fv2%2Fmedia&parent=32861"}],"wp:term":[{"taxonomy":"category","embeddable":true,"href":"https:\/\/encuentroinformativo.com.mx\/index.php?rest_route=%2Fwp%2Fv2%2Fcategories&post=32861"},{"taxonomy":"post_tag","embeddable":true,"href":"https:\/\/encuentroinformativo.com.mx\/index.php?rest_route=%2Fwp%2Fv2%2Ftags&post=32861"}],"curies":[{"name":"wp","href":"https:\/\/api.w.org\/{rel}","templated":true}]}}