{"id":32868,"date":"2022-10-19T15:21:18","date_gmt":"2022-10-19T20:21:18","guid":{"rendered":"https:\/\/encuentroinformativo.com.mx\/?p=32868"},"modified":"2022-10-19T15:21:21","modified_gmt":"2022-10-19T20:21:21","slug":"tras-pandemia-regresa-mictlan-de-manera-presencial","status":"publish","type":"post","link":"https:\/\/encuentroinformativo.com.mx\/?p=32868","title":{"rendered":"Tras pandemia, regresa Mictl\u00e1n de manera presencial"},"content":{"rendered":"\n<p>Xalapa, Ver.- Del 28 de octubre al 2 de noviembre en el parque Bicentenario se presentar\u00e1 el Festival Cultural Mictl\u00e1n con motivo de la celebraci\u00f3n de D\u00eda de Muertos.<\/p>\n\n\n\n<p>La directora de la direcci\u00f3n de Cultura del Ayuntamiento de Xalapa, Karla Montano Rocher dijo que se prev\u00e9 la asistencia de m\u00e1s de 10 mil personas en los recorridos &#8220;Almas de Purgatorio&#8221; y &#8220;Animas en Pena&#8221;.<\/p>\n","protected":false},"excerpt":{"rendered":"<p>Xalapa, Ver.- Del 28 de octubre al 2 de noviembre en el parque Bicentenario se presentar\u00e1 el Festival Cultural Mictl\u00e1n con motivo de la celebraci\u00f3n de D\u00eda de Muertos. La directora de la direcci\u00f3n de Cultura del Ayuntamiento de Xalapa, Karla Montano Rocher dijo que se prev\u00e9 la asistencia de m\u00e1s de 10 mil personas [&hellip;]<\/p>\n","protected":false},"author":1,"featured_media":32869,"comment_status":"open","ping_status":"open","sticky":false,"template":"","format":"standard","meta":{"_jetpack_memberships_contains_paid_content":false,"footnotes":""},"categories":[3],"tags":[],"class_list":["post-32868","post","type-post","status-publish","format-standard","has-post-thumbnail","hentry","category-xalapa"],"jetpack_featured_media_url":"https:\/\/encuentroinformativo.com.mx\/wp-content\/uploads\/2022\/10\/DA879889-1417-453E-97DA-6E44B26AECE8.jpeg","jetpack_sharing_enabled":true,"jetpack_likes_enabled":true,"amp_enabled":true,"_links":{"self":[{"href":"https:\/\/encuentroinformativo.com.mx\/index.php?rest_route=\/wp\/v2\/posts\/32868","targetHints":{"allow":["GET"]}}],"collection":[{"href":"https:\/\/encuentroinformativo.com.mx\/index.php?rest_route=\/wp\/v2\/posts"}],"about":[{"href":"https:\/\/encuentroinformativo.com.mx\/index.php?rest_route=\/wp\/v2\/types\/post"}],"author":[{"embeddable":true,"href":"https:\/\/encuentroinformativo.com.mx\/index.php?rest_route=\/wp\/v2\/users\/1"}],"replies":[{"embeddable":true,"href":"https:\/\/encuentroinformativo.com.mx\/index.php?rest_route=%2Fwp%2Fv2%2Fcomments&post=32868"}],"version-history":[{"count":1,"href":"https:\/\/encuentroinformativo.com.mx\/index.php?rest_route=\/wp\/v2\/posts\/32868\/revisions"}],"predecessor-version":[{"id":32870,"href":"https:\/\/encuentroinformativo.com.mx\/index.php?rest_route=\/wp\/v2\/posts\/32868\/revisions\/32870"}],"wp:featuredmedia":[{"embeddable":true,"href":"https:\/\/encuentroinformativo.com.mx\/index.php?rest_route=\/wp\/v2\/media\/32869"}],"wp:attachment":[{"href":"https:\/\/encuentroinformativo.com.mx\/index.php?rest_route=%2Fwp%2Fv2%2Fmedia&parent=32868"}],"wp:term":[{"taxonomy":"category","embeddable":true,"href":"https:\/\/encuentroinformativo.com.mx\/index.php?rest_route=%2Fwp%2Fv2%2Fcategories&post=32868"},{"taxonomy":"post_tag","embeddable":true,"href":"https:\/\/encuentroinformativo.com.mx\/index.php?rest_route=%2Fwp%2Fv2%2Ftags&post=32868"}],"curies":[{"name":"wp","href":"https:\/\/api.w.org\/{rel}","templated":true}]}}