{"id":32871,"date":"2022-10-19T16:38:45","date_gmt":"2022-10-19T21:38:45","guid":{"rendered":"https:\/\/encuentroinformativo.com.mx\/?p=32871"},"modified":"2022-10-19T16:38:49","modified_gmt":"2022-10-19T21:38:49","slug":"manifestantes-en-facultad-de-medicina-no-pertenecen-a-la-uv-segun-vicerrector","status":"publish","type":"post","link":"https:\/\/encuentroinformativo.com.mx\/?p=32871","title":{"rendered":"Manifestantes en Facultad de Medicina no pertenecen a la UV, seg\u00fan Vicerrector"},"content":{"rendered":"\n<p><strong>Alejandro \u00c1vila<\/strong><\/p>\n\n\n\n<p>Veracruz, Ver.- El vicerrector, Rub\u00e9n Edel Navarro asegur\u00f3 que, los 5 manifestantes que colocaron lonas la ma\u00f1ana de este mi\u00e9rcoles en la Facultad de Medicina no pertenecen a la Universidad Veracruzana; adem\u00e1s de que estos se encontraban violentando los derechos de estudiantes, al no dejarles ingresar al plantel educativo.<\/p>\n\n\n\n<p>El acad\u00e9mico mencion\u00f3 que, el Polic\u00eda Auxiliar (IPAX), les solicit\u00f3 liberar la entrada, pues adem\u00e1s entorpec\u00edan los servicios de salud que se ofrecen de manera gratuita o a bajo costo a la ciudadan\u00eda en general.<\/p>\n\n\n\n<p>Agreg\u00f3 que los quejosos se presentaron como un colectivo social y no quisieron dar sus nombres, y callaron cuando se les pregunto el motivo de su manifestaci\u00f3n.<\/p>\n\n\n\n<p>&#8220;No podemos permitir que gente externa, extra\u00f1a, venga a irrumpir en las actividades que desarrollamos como universidad. La demanda que tienen, lo que hay que recalcar en este asunto es que la demanda que tienen, s\u00ed ha sido atendida de manera puntual, la presentaron v\u00eda oficio a la abogada general y a la Contralor\u00eda a principios del mes de junio, y el 26 de junio la abogada general respondi\u00f3 su demanda v\u00eda oficio, respondi\u00f3 directamente a ellos, y la Contralor\u00eda est\u00e1 por hacerlo&#8221;, subray\u00f3 el vicerrector de la UV.<\/p>\n\n\n\n<p>El acad\u00e9mico recalc\u00f3 que, cuando alguien quiere manifestar un problema o una inquietud, debe de ser ante las instancias correspondientes, y no a las afueras de cualquier Facultad interrumpiendo las actividades de la misma.<\/p>\n\n\n\n<p>&#8220;Y menos obstaculizar la funci\u00f3n que estamos realizando en la Universidad Veracruzana (\u2026) la demanda ellos la pusieron, es en contra de la coordinadora del CESS, es un documento extenso, no puedo repetir todo lo que dice el documento, pero qu\u00e9 insisto, se est\u00e1 atendiendo su solicitud, se ha atendido su solicitud&#8221;, remat\u00f3.<\/p>\n","protected":false},"excerpt":{"rendered":"<p>Alejandro \u00c1vila Veracruz, Ver.- El vicerrector, Rub\u00e9n Edel Navarro asegur\u00f3 que, los 5 manifestantes que colocaron lonas la ma\u00f1ana de este mi\u00e9rcoles en la Facultad de Medicina no pertenecen a la Universidad Veracruzana; adem\u00e1s de que estos se encontraban violentando los derechos de estudiantes, al no dejarles ingresar al plantel educativo. El acad\u00e9mico mencion\u00f3 que, [&hellip;]<\/p>\n","protected":false},"author":1,"featured_media":32872,"comment_status":"open","ping_status":"open","sticky":false,"template":"","format":"standard","meta":{"_jetpack_memberships_contains_paid_content":false,"footnotes":""},"categories":[2],"tags":[],"class_list":["post-32871","post","type-post","status-publish","format-standard","has-post-thumbnail","hentry","category-estado"],"jetpack_featured_media_url":"https:\/\/encuentroinformativo.com.mx\/wp-content\/uploads\/2022\/10\/C7BD6D93-975D-45E1-928C-7A3D4B6FAEDE.jpeg","jetpack_sharing_enabled":true,"jetpack_likes_enabled":true,"amp_enabled":true,"_links":{"self":[{"href":"https:\/\/encuentroinformativo.com.mx\/index.php?rest_route=\/wp\/v2\/posts\/32871","targetHints":{"allow":["GET"]}}],"collection":[{"href":"https:\/\/encuentroinformativo.com.mx\/index.php?rest_route=\/wp\/v2\/posts"}],"about":[{"href":"https:\/\/encuentroinformativo.com.mx\/index.php?rest_route=\/wp\/v2\/types\/post"}],"author":[{"embeddable":true,"href":"https:\/\/encuentroinformativo.com.mx\/index.php?rest_route=\/wp\/v2\/users\/1"}],"replies":[{"embeddable":true,"href":"https:\/\/encuentroinformativo.com.mx\/index.php?rest_route=%2Fwp%2Fv2%2Fcomments&post=32871"}],"version-history":[{"count":1,"href":"https:\/\/encuentroinformativo.com.mx\/index.php?rest_route=\/wp\/v2\/posts\/32871\/revisions"}],"predecessor-version":[{"id":32873,"href":"https:\/\/encuentroinformativo.com.mx\/index.php?rest_route=\/wp\/v2\/posts\/32871\/revisions\/32873"}],"wp:featuredmedia":[{"embeddable":true,"href":"https:\/\/encuentroinformativo.com.mx\/index.php?rest_route=\/wp\/v2\/media\/32872"}],"wp:attachment":[{"href":"https:\/\/encuentroinformativo.com.mx\/index.php?rest_route=%2Fwp%2Fv2%2Fmedia&parent=32871"}],"wp:term":[{"taxonomy":"category","embeddable":true,"href":"https:\/\/encuentroinformativo.com.mx\/index.php?rest_route=%2Fwp%2Fv2%2Fcategories&post=32871"},{"taxonomy":"post_tag","embeddable":true,"href":"https:\/\/encuentroinformativo.com.mx\/index.php?rest_route=%2Fwp%2Fv2%2Ftags&post=32871"}],"curies":[{"name":"wp","href":"https:\/\/api.w.org\/{rel}","templated":true}]}}