{"id":3288,"date":"2020-06-12T14:34:43","date_gmt":"2020-06-12T19:34:43","guid":{"rendered":"https:\/\/encuentroinformativo.com\/?p=3288"},"modified":"2020-06-12T14:34:46","modified_gmt":"2020-06-12T19:34:46","slug":"reportan-2-casos-por-coronavirus-en-tlalnelhuayocan","status":"publish","type":"post","link":"https:\/\/encuentroinformativo.com.mx\/?p=3288","title":{"rendered":"Reportan 2 casos por coronavirus en Tlalnelhuayocan"},"content":{"rendered":"\n<p><strong>Juan Arcos <\/strong><\/p>\n\n\n\n<p>Xalapa, Ver.- El municipio de San Andr\u00e9s Tlalnelhuayocan registr\u00f3 dos casos positivos de Covid-19.<\/p>\n\n\n\n<p>El secretario del Ayuntamiento, Juan Carlos Palacios Ram\u00edrez, dio a conocer que uno de los pacientes lleva seis semanas internado en el Centro de Alta Especialidad \u201cDoctor Rafael Lucio\u201d de Xalapa.<\/p>\n\n\n\n<p>La persona que no ha logrado recuperarse habita en la colonia Guadalupe Victoria del municipio vecino.<\/p>\n\n\n\n<p>\u201cConfirmados tenemos dos casos, pero uno de ellos tiene seis semanas en el Centro de Alta Especialidad con sede en la ciudad de Xalapa. No se ha podido recuperar, dicen que el virus dura dos semanas, lleva seis\u201d.<\/p>\n\n\n\n<p>El funcionario indic\u00f3 que los familiares se encuentran en cuarentena y que el ayuntamiento est\u00e1 en constante di\u00e1logo con ellos.<\/p>\n\n\n\n<p>Palacios Ram\u00edrez mencion\u00f3 que el otro paciente no vive en el municipio, aunque en su credencial para votar aparece que radica en San Andr\u00e9s Tlalnelhuayocan.<\/p>\n\n\n\n<p>Cabe destacar que hasta el momento no han ocurrido defunciones y tampoco hay casos en investigaci\u00f3n.<\/p>\n\n\n\n<p>Sin embargo, el Secretario del Ayuntamiento reconoci\u00f3 que la situaci\u00f3n es preocupante, toda vez que en los municipios cercanos, como Xalapa, Xico y Coatepec, han registrado m\u00e1s casos de Covid-19.<\/p>\n\n\n\n<p><\/p>\n","protected":false},"excerpt":{"rendered":"<p>Juan Arcos Xalapa, Ver.- El municipio de San Andr\u00e9s Tlalnelhuayocan registr\u00f3 dos casos positivos de Covid-19. El secretario del Ayuntamiento, Juan Carlos Palacios Ram\u00edrez, dio a conocer que uno de los pacientes lleva seis semanas internado en el Centro de Alta Especialidad \u201cDoctor Rafael Lucio\u201d de Xalapa. La persona que no ha logrado recuperarse habita [&hellip;]<\/p>\n","protected":false},"author":1,"featured_media":3289,"comment_status":"open","ping_status":"open","sticky":false,"template":"","format":"standard","meta":{"_jetpack_memberships_contains_paid_content":false,"footnotes":""},"categories":[8],"tags":[],"class_list":["post-3288","post","type-post","status-publish","format-standard","has-post-thumbnail","hentry","category-region"],"jetpack_featured_media_url":"https:\/\/encuentroinformativo.com.mx\/wp-content\/uploads\/2020\/06\/D0E9B77C-3DA5-4B50-A4C6-773AC0C7AF92.jpeg","jetpack_sharing_enabled":true,"jetpack_likes_enabled":true,"amp_enabled":true,"_links":{"self":[{"href":"https:\/\/encuentroinformativo.com.mx\/index.php?rest_route=\/wp\/v2\/posts\/3288","targetHints":{"allow":["GET"]}}],"collection":[{"href":"https:\/\/encuentroinformativo.com.mx\/index.php?rest_route=\/wp\/v2\/posts"}],"about":[{"href":"https:\/\/encuentroinformativo.com.mx\/index.php?rest_route=\/wp\/v2\/types\/post"}],"author":[{"embeddable":true,"href":"https:\/\/encuentroinformativo.com.mx\/index.php?rest_route=\/wp\/v2\/users\/1"}],"replies":[{"embeddable":true,"href":"https:\/\/encuentroinformativo.com.mx\/index.php?rest_route=%2Fwp%2Fv2%2Fcomments&post=3288"}],"version-history":[{"count":1,"href":"https:\/\/encuentroinformativo.com.mx\/index.php?rest_route=\/wp\/v2\/posts\/3288\/revisions"}],"predecessor-version":[{"id":3290,"href":"https:\/\/encuentroinformativo.com.mx\/index.php?rest_route=\/wp\/v2\/posts\/3288\/revisions\/3290"}],"wp:featuredmedia":[{"embeddable":true,"href":"https:\/\/encuentroinformativo.com.mx\/index.php?rest_route=\/wp\/v2\/media\/3289"}],"wp:attachment":[{"href":"https:\/\/encuentroinformativo.com.mx\/index.php?rest_route=%2Fwp%2Fv2%2Fmedia&parent=3288"}],"wp:term":[{"taxonomy":"category","embeddable":true,"href":"https:\/\/encuentroinformativo.com.mx\/index.php?rest_route=%2Fwp%2Fv2%2Fcategories&post=3288"},{"taxonomy":"post_tag","embeddable":true,"href":"https:\/\/encuentroinformativo.com.mx\/index.php?rest_route=%2Fwp%2Fv2%2Ftags&post=3288"}],"curies":[{"name":"wp","href":"https:\/\/api.w.org\/{rel}","templated":true}]}}