{"id":32880,"date":"2022-10-19T17:06:53","date_gmt":"2022-10-19T22:06:53","guid":{"rendered":"https:\/\/encuentroinformativo.com.mx\/?p=32880"},"modified":"2022-10-19T17:06:56","modified_gmt":"2022-10-19T22:06:56","slug":"promoviendo-el-cuidado","status":"publish","type":"post","link":"https:\/\/encuentroinformativo.com.mx\/?p=32880","title":{"rendered":"Promoviendo el cuidado&#8230;"},"content":{"rendered":"\n<p>Xalapa, Ver.- Conmemorando el D\u00eda Mundial de la Lucha contra el C\u00e1ncer de Mama, en el parque Ju\u00e1rez se realiz\u00f3 la Feria de la Salud con la presencia de autoridades municipales y de la Secretar\u00eda de Salud.\u00a0<br><\/p>\n\n\n\n<figure class=\"wp-block-image size-large\"><img loading=\"lazy\" decoding=\"async\" width=\"1024\" height=\"683\" src=\"https:\/\/encuentroinformativo.com.mx\/wp-content\/uploads\/2022\/10\/25886D96-38C1-4386-A397-AEA5604A6E93-1024x683.jpeg\" alt=\"\" class=\"wp-image-32882\" srcset=\"https:\/\/encuentroinformativo.com.mx\/wp-content\/uploads\/2022\/10\/25886D96-38C1-4386-A397-AEA5604A6E93-1024x683.jpeg 1024w, https:\/\/encuentroinformativo.com.mx\/wp-content\/uploads\/2022\/10\/25886D96-38C1-4386-A397-AEA5604A6E93-300x200.jpeg 300w, https:\/\/encuentroinformativo.com.mx\/wp-content\/uploads\/2022\/10\/25886D96-38C1-4386-A397-AEA5604A6E93-768x512.jpeg 768w, https:\/\/encuentroinformativo.com.mx\/wp-content\/uploads\/2022\/10\/25886D96-38C1-4386-A397-AEA5604A6E93.jpeg 1488w\" sizes=\"auto, (max-width: 1024px) 100vw, 1024px\" \/><\/figure>\n\n\n\n<figure class=\"wp-block-image size-large\"><img loading=\"lazy\" decoding=\"async\" width=\"1024\" height=\"683\" src=\"https:\/\/encuentroinformativo.com.mx\/wp-content\/uploads\/2022\/10\/AA06E438-71CD-4AB6-AFDC-4F3FB8EBD2CF-1024x683.jpeg\" alt=\"\" class=\"wp-image-32883\" srcset=\"https:\/\/encuentroinformativo.com.mx\/wp-content\/uploads\/2022\/10\/AA06E438-71CD-4AB6-AFDC-4F3FB8EBD2CF-1024x683.jpeg 1024w, https:\/\/encuentroinformativo.com.mx\/wp-content\/uploads\/2022\/10\/AA06E438-71CD-4AB6-AFDC-4F3FB8EBD2CF-300x200.jpeg 300w, https:\/\/encuentroinformativo.com.mx\/wp-content\/uploads\/2022\/10\/AA06E438-71CD-4AB6-AFDC-4F3FB8EBD2CF-768x512.jpeg 768w, https:\/\/encuentroinformativo.com.mx\/wp-content\/uploads\/2022\/10\/AA06E438-71CD-4AB6-AFDC-4F3FB8EBD2CF.jpeg 1488w\" sizes=\"auto, (max-width: 1024px) 100vw, 1024px\" \/><\/figure>\n","protected":false},"excerpt":{"rendered":"<p>Xalapa, Ver.- Conmemorando el D\u00eda Mundial de la Lucha contra el C\u00e1ncer de Mama, en el parque Ju\u00e1rez se realiz\u00f3 la Feria de la Salud con la presencia de autoridades municipales y de la Secretar\u00eda de Salud.\u00a0<\/p>\n","protected":false},"author":1,"featured_media":32881,"comment_status":"open","ping_status":"open","sticky":false,"template":"","format":"standard","meta":{"_jetpack_memberships_contains_paid_content":false,"footnotes":""},"categories":[9],"tags":[],"class_list":["post-32880","post","type-post","status-publish","format-standard","has-post-thumbnail","hentry","category-salud"],"jetpack_featured_media_url":"https:\/\/encuentroinformativo.com.mx\/wp-content\/uploads\/2022\/10\/1B347F47-007C-4D56-8372-C40CA3B52269.jpeg","jetpack_sharing_enabled":true,"jetpack_likes_enabled":true,"amp_enabled":true,"_links":{"self":[{"href":"https:\/\/encuentroinformativo.com.mx\/index.php?rest_route=\/wp\/v2\/posts\/32880","targetHints":{"allow":["GET"]}}],"collection":[{"href":"https:\/\/encuentroinformativo.com.mx\/index.php?rest_route=\/wp\/v2\/posts"}],"about":[{"href":"https:\/\/encuentroinformativo.com.mx\/index.php?rest_route=\/wp\/v2\/types\/post"}],"author":[{"embeddable":true,"href":"https:\/\/encuentroinformativo.com.mx\/index.php?rest_route=\/wp\/v2\/users\/1"}],"replies":[{"embeddable":true,"href":"https:\/\/encuentroinformativo.com.mx\/index.php?rest_route=%2Fwp%2Fv2%2Fcomments&post=32880"}],"version-history":[{"count":1,"href":"https:\/\/encuentroinformativo.com.mx\/index.php?rest_route=\/wp\/v2\/posts\/32880\/revisions"}],"predecessor-version":[{"id":32884,"href":"https:\/\/encuentroinformativo.com.mx\/index.php?rest_route=\/wp\/v2\/posts\/32880\/revisions\/32884"}],"wp:featuredmedia":[{"embeddable":true,"href":"https:\/\/encuentroinformativo.com.mx\/index.php?rest_route=\/wp\/v2\/media\/32881"}],"wp:attachment":[{"href":"https:\/\/encuentroinformativo.com.mx\/index.php?rest_route=%2Fwp%2Fv2%2Fmedia&parent=32880"}],"wp:term":[{"taxonomy":"category","embeddable":true,"href":"https:\/\/encuentroinformativo.com.mx\/index.php?rest_route=%2Fwp%2Fv2%2Fcategories&post=32880"},{"taxonomy":"post_tag","embeddable":true,"href":"https:\/\/encuentroinformativo.com.mx\/index.php?rest_route=%2Fwp%2Fv2%2Ftags&post=32880"}],"curies":[{"name":"wp","href":"https:\/\/api.w.org\/{rel}","templated":true}]}}