{"id":32885,"date":"2022-10-20T09:32:15","date_gmt":"2022-10-20T14:32:15","guid":{"rendered":"https:\/\/encuentroinformativo.com.mx\/?p=32885"},"modified":"2022-10-20T09:32:19","modified_gmt":"2022-10-20T14:32:19","slug":"arely","status":"publish","type":"post","link":"https:\/\/encuentroinformativo.com.mx\/?p=32885","title":{"rendered":"ARELY"},"content":{"rendered":"\n<p><strong>Los Pol\u00edticos<\/strong><\/p>\n\n\n\n<p><strong>Salvador Mu\u00f1oz<\/strong><\/p>\n\n\n\n<p>Un domingo acud\u00ed a la calle Camino a las Parcelas\u2026 ah\u00ed la vi, cargando la carretilla, cogiendo la pala, poniendo la piedra para la pavimentaci\u00f3n del tramo que les faltaba para concluir por fin la obra, tanto a\u00f1os anhelada\u2026 de Arely Hern\u00e1ndez Alvarado pueden decir lo que quieran, pero de tenerle miedo al trabajo, no; de tenerle miedo a los pol\u00edticos, no; de que se raje, menos!<\/p>\n\n\n\n<p>S\u00ed, no es una mujer que se quede callada ante lo que ella considere una injusticia\u2026 de cierto modo, la forma en que la detuvieron, era la \u00fanica manera de hacerlo porque sencillamente, de otro modo, ser\u00eda imposible imaginarlo\u2026<\/p>\n\n\n\n<p>Terca, testaruda, bravucona, pero no por ello percibo a una persona mala\u2026 al contrario\u2026 la oportunidad de convivir con ella s\u00f3lo nos demuestra que detr\u00e1s de esa cara dura, altisonante voz, pu\u00f1o cerrado y bravuconadas, hay una gran mujer, una gran abuela, una gran madre, una gran ciudadana que s\u00ed, se preocupa por sus vecinos, por sus sue\u00f1os, por una vida comunitaria mejor\u2026 incluso, antes que por ella\u2026<\/p>\n\n\n\n<p>Comentarios de que \u201cYa se lo hab\u00edamos dicho\u201d me repitieron en varias ocasiones la tarde del martes tras su detenci\u00f3n\u2026 igual en su momento, yo lo pens\u00e9, \u00bfpero qui\u00e9n jijos soy para tratar de detener una pinche ola con la mente de un Tsunami? As\u00ed que optaba mejor por escucharla, leerla, verla c\u00f3mo se encabronaba porque tal funcionario no le cumpl\u00eda los acuerdos y aunque es seguro que sab\u00eda que ello a veces es parte de los riesgos que implica tratar con pol\u00edticos, ella siempre apostaba a que hubiera respeto a la palabra acordada.<\/p>\n\n\n\n<p>Para muchos, la detenci\u00f3n de Arely Hern\u00e1ndez Alvarado est\u00e1 atascada de justicia\u2026 para otros, de prepotencia por parte de las autoridades de Seguridad P\u00fablica\u2026 para unos m\u00e1s, justificada en un par de patines que solt\u00f3 Arely as\u00ed como algunas mordidas\u2026 para m\u00ed, es simplemente la circunstancia que le toc\u00f3 vivir\u2026 \u00bfpor qu\u00e9? muy sencillo\u2026<\/p>\n\n\n\n<p>\u00bfCu\u00e1ntas veces nos toc\u00f3 ver en la Plaza Lerdo, en la SEV, en cualquier punto de calles o carreteras, personas en demanda de justicia o de otra cosa?<\/p>\n\n\n\n<p>S\u00ed, y nos hemos quejado de que afectan a terceros y mentamos madres por ello\u2026<\/p>\n\n\n\n<p>El asunto es que para algunas personas, las que s\u00ed abogan por justicia, el tener que llegar a bloquear algunas de estas v\u00edas citadas es porque agotaron las instancias y las autoridades, les agotaron la paciencia\u2026<\/p>\n\n\n\n<p>Recordemos al mismo Cuitl\u00e1huac Garc\u00eda Jim\u00e9nez\u2026 o al mismo Zenyazen Escobar\u2026 la manifestaci\u00f3n de sus ideas en las mismas condiciones que las expuso Arely Hern\u00e1ndez Alvarado, hasta donde se sepa,&nbsp; nunca los puso en la c\u00e1rcel\u2026 \u00bfpor qu\u00e9? Diferentes circunstancias\u2026 diferentes formas de hacer pol\u00edtica por parte de las autoridades\u2026 Conste, no digo que ahora se haya actuado bien o mal, simplemente las autoridades actuaron y las circunstancias, a diferencia a las que tuvo en su momento el ciudadano Cuitl\u00e1huac, no le favorecieron ahora a Arely\u2026<\/p>\n\n\n\n<p>Tampoco defiendo a Arely Hern\u00e1ndez Alvarado\u2026 si algo me ha ense\u00f1ado el contar con su amistad, es que no requiere de nadie que la defienda\u2026 ella sola con sus u\u00f1as (patadas y mordidas) le sobra para hacerlo\u2026<\/p>\n\n\n\n<p>Espero pronto verla\u2026 qued\u00f3 pendiente una comida\u2026 una salsa martajada\u2026 o unos chiles rellenos como los que preparan en esa calle, la de Camino a las Parcelas, donde un domingo la vi sudando la gota gorda jalando la carretilla, cogiendo la pala, acomodando la piedra\u2026<\/p>\n","protected":false},"excerpt":{"rendered":"<p>Los Pol\u00edticos Salvador Mu\u00f1oz Un domingo acud\u00ed a la calle Camino a las Parcelas\u2026 ah\u00ed la vi, cargando la carretilla, cogiendo la pala, poniendo la piedra para la pavimentaci\u00f3n del tramo que les faltaba para concluir por fin la obra, tanto a\u00f1os anhelada\u2026 de Arely Hern\u00e1ndez Alvarado pueden decir lo que quieran, pero de tenerle [&hellip;]<\/p>\n","protected":false},"author":1,"featured_media":387,"comment_status":"open","ping_status":"open","sticky":false,"template":"","format":"standard","meta":{"_jetpack_memberships_contains_paid_content":false,"footnotes":""},"categories":[11],"tags":[],"class_list":["post-32885","post","type-post","status-publish","format-standard","has-post-thumbnail","hentry","category-opinion"],"jetpack_featured_media_url":"https:\/\/encuentroinformativo.com.mx\/wp-content\/uploads\/2020\/03\/7CF8A22B-2764-47BE-8F7F-38FE9E5D6A2F.jpeg","jetpack_sharing_enabled":true,"jetpack_likes_enabled":true,"amp_enabled":true,"_links":{"self":[{"href":"https:\/\/encuentroinformativo.com.mx\/index.php?rest_route=\/wp\/v2\/posts\/32885","targetHints":{"allow":["GET"]}}],"collection":[{"href":"https:\/\/encuentroinformativo.com.mx\/index.php?rest_route=\/wp\/v2\/posts"}],"about":[{"href":"https:\/\/encuentroinformativo.com.mx\/index.php?rest_route=\/wp\/v2\/types\/post"}],"author":[{"embeddable":true,"href":"https:\/\/encuentroinformativo.com.mx\/index.php?rest_route=\/wp\/v2\/users\/1"}],"replies":[{"embeddable":true,"href":"https:\/\/encuentroinformativo.com.mx\/index.php?rest_route=%2Fwp%2Fv2%2Fcomments&post=32885"}],"version-history":[{"count":1,"href":"https:\/\/encuentroinformativo.com.mx\/index.php?rest_route=\/wp\/v2\/posts\/32885\/revisions"}],"predecessor-version":[{"id":32886,"href":"https:\/\/encuentroinformativo.com.mx\/index.php?rest_route=\/wp\/v2\/posts\/32885\/revisions\/32886"}],"wp:featuredmedia":[{"embeddable":true,"href":"https:\/\/encuentroinformativo.com.mx\/index.php?rest_route=\/wp\/v2\/media\/387"}],"wp:attachment":[{"href":"https:\/\/encuentroinformativo.com.mx\/index.php?rest_route=%2Fwp%2Fv2%2Fmedia&parent=32885"}],"wp:term":[{"taxonomy":"category","embeddable":true,"href":"https:\/\/encuentroinformativo.com.mx\/index.php?rest_route=%2Fwp%2Fv2%2Fcategories&post=32885"},{"taxonomy":"post_tag","embeddable":true,"href":"https:\/\/encuentroinformativo.com.mx\/index.php?rest_route=%2Fwp%2Fv2%2Ftags&post=32885"}],"curies":[{"name":"wp","href":"https:\/\/api.w.org\/{rel}","templated":true}]}}