{"id":32887,"date":"2022-10-20T09:59:55","date_gmt":"2022-10-20T14:59:55","guid":{"rendered":"https:\/\/encuentroinformativo.com.mx\/?p=32887"},"modified":"2022-10-20T09:59:58","modified_gmt":"2022-10-20T14:59:58","slug":"reclama-sindicato-destitucion-de-directora-de-educacion-primaria","status":"publish","type":"post","link":"https:\/\/encuentroinformativo.com.mx\/?p=32887","title":{"rendered":"Reclama Sindicato destituci\u00f3n de directora de Educaci\u00f3n Primaria"},"content":{"rendered":"\n<p><strong>Dar\u00edo Pale<\/strong><\/p>\n\n\n\n<p>Xalapa, Ver.- El secretario general del Sindicato Estatal de Trabajadores de la Educaci\u00f3n (SETE) Armando Chama Juarez dio a conocer que tomaron las oficinas para exigir la destituci\u00f3n de Directora General de Educaci\u00f3n Primaria.<\/p>\n\n\n\n<p>Entrevistado durante la manifestaci\u00f3n se\u00f1al\u00f3 que, tomaron las instalaciones de la Direcci\u00f3n General de Educaci\u00f3n Primaria Estatal en la ciudad de Xalapa, ya que la finalidad es resolver problemas relacionados con agremiados.<\/p>\n\n\n\n<p>Exigieron la salida de la directora general de Educaci\u00f3n Primaria, Nayeli Teresa Saldivar Sobrevilla, as\u00ed como a m\u00e1s integrantes de las oficinas, Sandra Sonia Arellano Chapol.<\/p>\n\n\n\n<p>Durante la protesta se\u00f1alaron que no les han cumplido con acuerdos tomados el 12 de octubre.<\/p>\n\n\n\n<p>&#8220;Se establec\u00eda que nuestro agremiado seguir\u00eda desempe\u00f1ando la Comisi\u00f3n de Atenci\u00f3n a la Problem\u00e1tica con la que cuenta con m\u00e1s de siete a\u00f1os en el cargo, sin embargo con una actitud de falta de respeto a nuestras siglas sindicales, este punto no fue incertado en la minuta, por lo que es un agravio a la organizaci\u00f3n sindical&#8221;, se\u00f1al\u00f3.<\/p>\n\n\n\n<p>Pidieron a los responsables de hacer las correcciones pertinentes a la minuta y se le d\u00e9 curso inmediato a la reinstalaci\u00f3n a la Comisi\u00f3n del agremiado.<\/p>\n\n\n\n<p>Otra de las exigencias fue la destituci\u00f3n de Sandra Sonia Arellano Chapol, jefa del Departamento de Supervisi\u00f3n Operativa, pues aseguran que no hubo capacidad para aplicar el procedimiento adecuado en el tema, lo que gener\u00f3 el conflicto innecesario entre el personal de la Supervisi\u00f3n Escolar n\u00famero 074 de Xalapa Locales Norte.<\/p>\n\n\n\n<p>Adem\u00e1s, Chama Ju\u00e1rez exhort\u00f3 a las direcciones de Preescolar, Telebachillerato y Telesecundarias para que agilicen los temas pendientes con cambios de adscripci\u00f3n.<\/p>\n\n\n\n<p>Tambi\u00e9n pidieron a Maritza Mart\u00ednez Aguilar, subsecretaria de Educaci\u00f3n B\u00e1sica Estatal de atender las audiencias que han sido solicitadas &#8220;porque hasta la fecha no hay respuesta satisfactoria a esta petici\u00f3n&#8221;.<\/p>\n\n\n\n<p>Finalmente recordaron que est\u00e1n pendientes los pagos del fortalecimiento al salario del trabajador llamado &#8220;3, 2, 1 ya que los profesores federales les fue cubierto de manera oportuna&#8221;.<\/p>\n\n\n\n<figure class=\"wp-block-image size-large\"><img loading=\"lazy\" decoding=\"async\" width=\"1024\" height=\"683\" src=\"https:\/\/encuentroinformativo.com.mx\/wp-content\/uploads\/2022\/10\/E40DA552-C809-4C51-815B-146FA39D86C7-1024x683.jpeg\" alt=\"\" class=\"wp-image-32889\" srcset=\"https:\/\/encuentroinformativo.com.mx\/wp-content\/uploads\/2022\/10\/E40DA552-C809-4C51-815B-146FA39D86C7-1024x683.jpeg 1024w, https:\/\/encuentroinformativo.com.mx\/wp-content\/uploads\/2022\/10\/E40DA552-C809-4C51-815B-146FA39D86C7-300x200.jpeg 300w, https:\/\/encuentroinformativo.com.mx\/wp-content\/uploads\/2022\/10\/E40DA552-C809-4C51-815B-146FA39D86C7-768x512.jpeg 768w, https:\/\/encuentroinformativo.com.mx\/wp-content\/uploads\/2022\/10\/E40DA552-C809-4C51-815B-146FA39D86C7.jpeg 1296w\" sizes=\"auto, (max-width: 1024px) 100vw, 1024px\" \/><\/figure>\n\n\n\n<figure class=\"wp-block-image size-large\"><img loading=\"lazy\" decoding=\"async\" width=\"1024\" height=\"576\" src=\"https:\/\/encuentroinformativo.com.mx\/wp-content\/uploads\/2022\/10\/751A0474-E0FC-41DA-85BF-5BCDBD0D3CA8-1024x576.jpeg\" alt=\"\" class=\"wp-image-32890\" srcset=\"https:\/\/encuentroinformativo.com.mx\/wp-content\/uploads\/2022\/10\/751A0474-E0FC-41DA-85BF-5BCDBD0D3CA8-1024x576.jpeg 1024w, https:\/\/encuentroinformativo.com.mx\/wp-content\/uploads\/2022\/10\/751A0474-E0FC-41DA-85BF-5BCDBD0D3CA8-300x169.jpeg 300w, https:\/\/encuentroinformativo.com.mx\/wp-content\/uploads\/2022\/10\/751A0474-E0FC-41DA-85BF-5BCDBD0D3CA8-768x432.jpeg 768w, https:\/\/encuentroinformativo.com.mx\/wp-content\/uploads\/2022\/10\/751A0474-E0FC-41DA-85BF-5BCDBD0D3CA8-1536x864.jpeg 1536w, https:\/\/encuentroinformativo.com.mx\/wp-content\/uploads\/2022\/10\/751A0474-E0FC-41DA-85BF-5BCDBD0D3CA8.jpeg 1600w\" sizes=\"auto, (max-width: 1024px) 100vw, 1024px\" \/><\/figure>\n","protected":false},"excerpt":{"rendered":"<p>Dar\u00edo Pale Xalapa, Ver.- El secretario general del Sindicato Estatal de Trabajadores de la Educaci\u00f3n (SETE) Armando Chama Juarez dio a conocer que tomaron las oficinas para exigir la destituci\u00f3n de Directora General de Educaci\u00f3n Primaria. Entrevistado durante la manifestaci\u00f3n se\u00f1al\u00f3 que, tomaron las instalaciones de la Direcci\u00f3n General de Educaci\u00f3n Primaria Estatal en la [&hellip;]<\/p>\n","protected":false},"author":1,"featured_media":32888,"comment_status":"open","ping_status":"open","sticky":false,"template":"","format":"standard","meta":{"_jetpack_memberships_contains_paid_content":false,"footnotes":""},"categories":[3],"tags":[],"class_list":["post-32887","post","type-post","status-publish","format-standard","has-post-thumbnail","hentry","category-xalapa"],"jetpack_featured_media_url":"https:\/\/encuentroinformativo.com.mx\/wp-content\/uploads\/2022\/10\/428BEEEC-1CE8-4127-B367-6E22CB0A5B73.jpeg","jetpack_sharing_enabled":true,"jetpack_likes_enabled":true,"amp_enabled":true,"_links":{"self":[{"href":"https:\/\/encuentroinformativo.com.mx\/index.php?rest_route=\/wp\/v2\/posts\/32887","targetHints":{"allow":["GET"]}}],"collection":[{"href":"https:\/\/encuentroinformativo.com.mx\/index.php?rest_route=\/wp\/v2\/posts"}],"about":[{"href":"https:\/\/encuentroinformativo.com.mx\/index.php?rest_route=\/wp\/v2\/types\/post"}],"author":[{"embeddable":true,"href":"https:\/\/encuentroinformativo.com.mx\/index.php?rest_route=\/wp\/v2\/users\/1"}],"replies":[{"embeddable":true,"href":"https:\/\/encuentroinformativo.com.mx\/index.php?rest_route=%2Fwp%2Fv2%2Fcomments&post=32887"}],"version-history":[{"count":1,"href":"https:\/\/encuentroinformativo.com.mx\/index.php?rest_route=\/wp\/v2\/posts\/32887\/revisions"}],"predecessor-version":[{"id":32891,"href":"https:\/\/encuentroinformativo.com.mx\/index.php?rest_route=\/wp\/v2\/posts\/32887\/revisions\/32891"}],"wp:featuredmedia":[{"embeddable":true,"href":"https:\/\/encuentroinformativo.com.mx\/index.php?rest_route=\/wp\/v2\/media\/32888"}],"wp:attachment":[{"href":"https:\/\/encuentroinformativo.com.mx\/index.php?rest_route=%2Fwp%2Fv2%2Fmedia&parent=32887"}],"wp:term":[{"taxonomy":"category","embeddable":true,"href":"https:\/\/encuentroinformativo.com.mx\/index.php?rest_route=%2Fwp%2Fv2%2Fcategories&post=32887"},{"taxonomy":"post_tag","embeddable":true,"href":"https:\/\/encuentroinformativo.com.mx\/index.php?rest_route=%2Fwp%2Fv2%2Ftags&post=32887"}],"curies":[{"name":"wp","href":"https:\/\/api.w.org\/{rel}","templated":true}]}}