{"id":32898,"date":"2022-10-20T12:38:36","date_gmt":"2022-10-20T17:38:36","guid":{"rendered":"https:\/\/encuentroinformativo.com.mx\/?p=32898"},"modified":"2022-10-20T12:38:40","modified_gmt":"2022-10-20T17:38:40","slug":"aumentan-casos-de-personas-con-trastornos-de-ansiedad","status":"publish","type":"post","link":"https:\/\/encuentroinformativo.com.mx\/?p=32898","title":{"rendered":"Aumentan casos de personas con trastornos de ansiedad"},"content":{"rendered":"\n<p><strong>Alejandro \u00c1vila<\/strong><\/p>\n\n\n\n<p>Veracruz, Ver.- Las atenciones para personas con Trastorno de Ansiedad Generalizada (TAG) se han duplicado en el \u00faltimo mes Fundaci\u00f3n Yaritza &#8220;Movimientos que Curan&#8221;, mencion\u00f3 su presidenta, Vianey Morales Apodaca.<\/p>\n\n\n\n<p>La presidenta de la Asociaci\u00f3n Civil record\u00f3 que la Fundaci\u00f3n ya cuenta con un equipo de psic\u00f3logos del \u00e1rea de neurolog\u00eda, con lo cual ya no solo atienden a menores de edad con alguna discapacidad, sino tambi\u00e9n a j\u00f3venes y adultos.<\/p>\n\n\n\n<p>&#8220;Hay ni\u00f1os que han llegado con intento de suicidio, j\u00f3venes igual, no tienen idea qu\u00e9 tan grave est\u00e1 la situaci\u00f3n en la cuesti\u00f3n ps\u00edquica&#8221;, declar\u00f3.<\/p>\n\n\n\n<p>Tan solo en el \u00faltimo mes se aumentaron las consultas m\u00e1s de un 30 por ciento, dijo Vianey Morales Apodaca;&nbsp;<\/p>\n\n\n\n<p>&#8220;Pens\u00e1bamos que solamente eran j\u00f3venes y ni\u00f1os, y la respuesta, ahora si que el estudio, el an\u00e1lisis, es que ahorita las mujeres son las que m\u00e1s tienen el trastorno de ansiedad. Porque, por que generalmente, hablando en el \u00e1rea de discapacidad, tenemos madres solteras que no tienen empleo o que no es suficiente el empleo te tienen, la econom\u00eda que ingresan, y pues l\u00f3gicamente genera un estr\u00e9s, y ese estr\u00e9s sumado a un ni\u00f1o con discapacidad se pone m\u00e1s dif\u00edcil la situaci\u00f3n. Hemos tenido casos de mam\u00e1s que quieren suicidarse con todo y sus hijos, hemos estado apoyando en esa parte, porque creemos que las enfermedades solamente son las que se ven, y no, definitivamente no, las mentales tambi\u00e9n implica mucho compromiso, mucho riesgo para todos&#8221;, remat\u00f3.<\/p>\n\n\n\n<p>Finalmente, la presidenta de la Fundaci\u00f3n Yaritza &#8220;Movimientos que Curan&#8221;, dijo que es lo que va del 2022 han dado atenci\u00f3n a 4 madres de familia con intento de suicidio.<\/p>\n","protected":false},"excerpt":{"rendered":"<p>Alejandro \u00c1vila Veracruz, Ver.- Las atenciones para personas con Trastorno de Ansiedad Generalizada (TAG) se han duplicado en el \u00faltimo mes Fundaci\u00f3n Yaritza &#8220;Movimientos que Curan&#8221;, mencion\u00f3 su presidenta, Vianey Morales Apodaca. La presidenta de la Asociaci\u00f3n Civil record\u00f3 que la Fundaci\u00f3n ya cuenta con un equipo de psic\u00f3logos del \u00e1rea de neurolog\u00eda, con lo [&hellip;]<\/p>\n","protected":false},"author":1,"featured_media":32899,"comment_status":"open","ping_status":"open","sticky":false,"template":"","format":"standard","meta":{"_jetpack_memberships_contains_paid_content":false,"footnotes":""},"categories":[2],"tags":[],"class_list":["post-32898","post","type-post","status-publish","format-standard","has-post-thumbnail","hentry","category-estado"],"jetpack_featured_media_url":"https:\/\/encuentroinformativo.com.mx\/wp-content\/uploads\/2022\/10\/B5BBE6CB-62D0-424D-8629-7D1B54655CDF.jpeg","jetpack_sharing_enabled":true,"jetpack_likes_enabled":true,"amp_enabled":true,"_links":{"self":[{"href":"https:\/\/encuentroinformativo.com.mx\/index.php?rest_route=\/wp\/v2\/posts\/32898","targetHints":{"allow":["GET"]}}],"collection":[{"href":"https:\/\/encuentroinformativo.com.mx\/index.php?rest_route=\/wp\/v2\/posts"}],"about":[{"href":"https:\/\/encuentroinformativo.com.mx\/index.php?rest_route=\/wp\/v2\/types\/post"}],"author":[{"embeddable":true,"href":"https:\/\/encuentroinformativo.com.mx\/index.php?rest_route=\/wp\/v2\/users\/1"}],"replies":[{"embeddable":true,"href":"https:\/\/encuentroinformativo.com.mx\/index.php?rest_route=%2Fwp%2Fv2%2Fcomments&post=32898"}],"version-history":[{"count":1,"href":"https:\/\/encuentroinformativo.com.mx\/index.php?rest_route=\/wp\/v2\/posts\/32898\/revisions"}],"predecessor-version":[{"id":32900,"href":"https:\/\/encuentroinformativo.com.mx\/index.php?rest_route=\/wp\/v2\/posts\/32898\/revisions\/32900"}],"wp:featuredmedia":[{"embeddable":true,"href":"https:\/\/encuentroinformativo.com.mx\/index.php?rest_route=\/wp\/v2\/media\/32899"}],"wp:attachment":[{"href":"https:\/\/encuentroinformativo.com.mx\/index.php?rest_route=%2Fwp%2Fv2%2Fmedia&parent=32898"}],"wp:term":[{"taxonomy":"category","embeddable":true,"href":"https:\/\/encuentroinformativo.com.mx\/index.php?rest_route=%2Fwp%2Fv2%2Fcategories&post=32898"},{"taxonomy":"post_tag","embeddable":true,"href":"https:\/\/encuentroinformativo.com.mx\/index.php?rest_route=%2Fwp%2Fv2%2Ftags&post=32898"}],"curies":[{"name":"wp","href":"https:\/\/api.w.org\/{rel}","templated":true}]}}