{"id":3291,"date":"2020-06-12T14:52:02","date_gmt":"2020-06-12T19:52:02","guid":{"rendered":"https:\/\/encuentroinformativo.com\/?p=3291"},"modified":"2020-06-14T10:45:53","modified_gmt":"2020-06-14T15:45:53","slug":"con-protocolos-comenzara-reapertura-de-comercios","status":"publish","type":"post","link":"https:\/\/encuentroinformativo.com.mx\/?p=3291","title":{"rendered":"Con protocolos, comenzar\u00e1 reapertura de comercios"},"content":{"rendered":"\n<p><strong>Dar\u00edo Pale <\/strong><\/p>\n\n\n\n<p>Xalapa, Ver.- El regidor del ayuntamiento de Xalapa Francisco Javier Gonz\u00e1lez Vill\u00e1gomez y titular de la comisi\u00f3n de edilicia de Comercio dio a conocer que manteniendo los protocolos de salud se permitir\u00e1 que se abran las papeler\u00edas, zapater\u00edas y est\u00e9ticas utilizando cubrebocas, gel antibacterial y manteniendo la sana distancia.<\/p>\n\n\n\n<p>Entrevistado en el palacio municipal se\u00f1al\u00f3 que en el caso de los gimnasios y comercios que se encuentran en los parques de la ciudad todav\u00eda no se permitir\u00e1 que abran para evitar aglomeraciones.<\/p>\n\n\n\n<p>&#8220;Estamos en espera. Desafortunadamente para ellos el parque Ju\u00e1rez es una zona donde confluye mucha gente y puede haber aglomeraciones, esa es nuestra problem\u00e1tica. Donde podamos controlar y llevar las reglas de sanidad perfectamente bien, se les va a autorizar, a los que no, tenemos que esperar un poco m\u00e1s&#8221; inform\u00f3.<\/p>\n\n\n\n<p>Aunque ya se permite la reapertura gradual de diferentes &nbsp;comercios de Xalapa que estaban considerados no esenciales, como zapater\u00edas y papeler\u00edas, habr\u00e1 revisiones para que se cumplan las medidas sanitarias, la siguiente semana continuar\u00e1n las inspecciones a los establecimientos que reabrir\u00e1n en esta ciudad.<\/p>\n\n\n\n<p>Cabe mencionar que los vendedores del parque Ju\u00e1rez liderados por Yolanda Romero son los que m\u00e1s han insistido en reabrir tras no recibir los apoyos demandados a las autoridades municipales y estatales durante la actual contingencia sanitaria.<\/p>\n\n\n\n<p>Gonz\u00e1lez Villag\u00f3mez se\u00f1al\u00f3 que los mismos comerciantes est\u00e1n cumpliendo utilizando caretas y cubrebocas, sin embargo son los consumidores y clientes quienes no lo hacen.<\/p>\n\n\n\n<p>En otro orden de ideas inform\u00f3 que solicit\u00f3 a la constructora que llevo a cabo el mejoramiento de la calle Allende solucione el problema de inundaci\u00f3n que se presenta en esa v\u00eda de comunicaci\u00f3n.<\/p>\n\n\n\n<p><\/p>\n","protected":false},"excerpt":{"rendered":"<p>Dar\u00edo Pale Xalapa, Ver.- El regidor del ayuntamiento de Xalapa Francisco Javier Gonz\u00e1lez Vill\u00e1gomez y titular de la comisi\u00f3n de edilicia de Comercio dio a conocer que manteniendo los protocolos de salud se permitir\u00e1 que se abran las papeler\u00edas, zapater\u00edas y est\u00e9ticas utilizando cubrebocas, gel antibacterial y manteniendo la sana distancia. Entrevistado en el palacio [&hellip;]<\/p>\n","protected":false},"author":1,"featured_media":3292,"comment_status":"open","ping_status":"open","sticky":false,"template":"","format":"standard","meta":{"_jetpack_memberships_contains_paid_content":false,"footnotes":""},"categories":[3],"tags":[],"class_list":["post-3291","post","type-post","status-publish","format-standard","has-post-thumbnail","hentry","category-xalapa"],"jetpack_featured_media_url":"https:\/\/encuentroinformativo.com.mx\/wp-content\/uploads\/2020\/06\/13B66CEA-8AB8-4EFD-924A-F1CB48A8DA1C.jpeg","jetpack_sharing_enabled":true,"jetpack_likes_enabled":true,"amp_enabled":true,"_links":{"self":[{"href":"https:\/\/encuentroinformativo.com.mx\/index.php?rest_route=\/wp\/v2\/posts\/3291","targetHints":{"allow":["GET"]}}],"collection":[{"href":"https:\/\/encuentroinformativo.com.mx\/index.php?rest_route=\/wp\/v2\/posts"}],"about":[{"href":"https:\/\/encuentroinformativo.com.mx\/index.php?rest_route=\/wp\/v2\/types\/post"}],"author":[{"embeddable":true,"href":"https:\/\/encuentroinformativo.com.mx\/index.php?rest_route=\/wp\/v2\/users\/1"}],"replies":[{"embeddable":true,"href":"https:\/\/encuentroinformativo.com.mx\/index.php?rest_route=%2Fwp%2Fv2%2Fcomments&post=3291"}],"version-history":[{"count":2,"href":"https:\/\/encuentroinformativo.com.mx\/index.php?rest_route=\/wp\/v2\/posts\/3291\/revisions"}],"predecessor-version":[{"id":3331,"href":"https:\/\/encuentroinformativo.com.mx\/index.php?rest_route=\/wp\/v2\/posts\/3291\/revisions\/3331"}],"wp:featuredmedia":[{"embeddable":true,"href":"https:\/\/encuentroinformativo.com.mx\/index.php?rest_route=\/wp\/v2\/media\/3292"}],"wp:attachment":[{"href":"https:\/\/encuentroinformativo.com.mx\/index.php?rest_route=%2Fwp%2Fv2%2Fmedia&parent=3291"}],"wp:term":[{"taxonomy":"category","embeddable":true,"href":"https:\/\/encuentroinformativo.com.mx\/index.php?rest_route=%2Fwp%2Fv2%2Fcategories&post=3291"},{"taxonomy":"post_tag","embeddable":true,"href":"https:\/\/encuentroinformativo.com.mx\/index.php?rest_route=%2Fwp%2Fv2%2Ftags&post=3291"}],"curies":[{"name":"wp","href":"https:\/\/api.w.org\/{rel}","templated":true}]}}